{"id":958,"date":"2015-10-25T11:28:26","date_gmt":"2015-10-25T11:28:26","guid":{"rendered":"https:\/\/korijeni.hr\/?p=958"},"modified":"2019-04-23T11:32:29","modified_gmt":"2019-04-23T11:32:29","slug":"korijeni-i-krila-u-bjelovaru","status":"publish","type":"post","link":"https:\/\/kaj.hr\/korijeni\/korijeni-i-krila-u-bjelovaru\/","title":{"rendered":"Korijeni i krila u Bjelovaru"},"content":{"rendered":"<p>Odgojno-obrazovni projekt Etnografskog muzeja i Radija Kaj Dajmo djeci korijene i krila, u \u010detvrtak 29. listopada 2015. godine nastavljen je u Dje\u010djem vrti\u0107u Ciciban u Bjelovaru. \u00a0\u00a0Tradicijske drvene igra\u010dke, proizvedene u Hrvatskom zagorju, u Mariji Bistrici, u sklopu projekta Dajmo djeci korijene i krila, prvi put stigle su Bjelovarsko-bilogorsku \u017eupaniju. \u00a0\u00a0Na prigodnoj sve\u010danosti igra\u010dke je uru\u010dio Damir Bajs, \u017eupan Bjelovarsko-bilogorske \u017eupanije a primila ih je Senka Marija Ivanu\u0161ec, ravnateljica Dje\u010djeg vrti\u0107a Ciciban.<\/p>\n<p>Najmla\u0111ima o igra\u010dkama, koje je za\u0161titio UNESCO, govorila je autorica projekta Dajmo djeci korijene i krila Mirjana Drobina iz Etnografskog muzeja. Valerija Osre\u010dak Klju\u010dari\u0107 uru\u010dila je poklon Narodnih novina, pribor za crtanje. Laboratorij zabave izveo je predstavu Vilko i dlakavi \u010dovjek. Zahvaljuju\u0107i Etnografskom muzeju i Radiju Kaj, \u0161irom Hrvatske, od Zagorja, Me\u0111imurja, Podravine, Prigorja i Istre, preko Zagreba, Slavonskog Broda, Vukovara, Rijeke i Dubrovnika, djeca se u vrti\u0107ima upoznaju s hrvatskom kulturnom ba\u0161tinom i hrvatskim tradicijskim vrijednostima. Do sada je projektom obuhva\u0107eno vi\u0161e od 50 vrti\u0107a \u0161irom Hrvatske. Projekt su podr\u017eale tvrtke Narodne novine i Janaf, te jedinice lokalne samouprave u kojima se projekt Dajmo djeci korijene i krila ostvaruje.<\/p>\n<div id='gallery-1' class='gallery galleryid-958 gallery-columns-1 gallery-size-full'><figure class='gallery-item'>\n\t\t\t<div class='gallery-icon landscape'>\n\t\t\t\t<img loading=\"lazy\" decoding=\"async\" width=\"1000\" height=\"750\" src=\"https:\/\/kaj.hr\/korijeni\/wp-content\/uploads\/2015\/10\/IMG_3475.jpg\" class=\"attachment-full size-full\" alt=\"\" srcset=\"https:\/\/kaj.hr\/korijeni\/wp-content\/uploads\/2015\/10\/IMG_3475.jpg 1000w, https:\/\/kaj.hr\/korijeni\/wp-content\/uploads\/2015\/10\/IMG_3475-300x225.jpg 300w, https:\/\/kaj.hr\/korijeni\/wp-content\/uploads\/2015\/10\/IMG_3475-768x576.jpg 768w\" sizes=\"auto, (max-width: 1000px) 100vw, 1000px\" \/>\n\t\t\t<\/div><\/figure><figure class='gallery-item'>\n\t\t\t<div class='gallery-icon landscape'>\n\t\t\t\t<img loading=\"lazy\" decoding=\"async\" width=\"1000\" height=\"750\" src=\"https:\/\/kaj.hr\/korijeni\/wp-content\/uploads\/2015\/10\/IMG_3477.jpg\" class=\"attachment-full size-full\" alt=\"\" srcset=\"https:\/\/kaj.hr\/korijeni\/wp-content\/uploads\/2015\/10\/IMG_3477.jpg 1000w, https:\/\/kaj.hr\/korijeni\/wp-content\/uploads\/2015\/10\/IMG_3477-300x225.jpg 300w, https:\/\/kaj.hr\/korijeni\/wp-content\/uploads\/2015\/10\/IMG_3477-768x576.jpg 768w\" sizes=\"auto, (max-width: 1000px) 100vw, 1000px\" \/>\n\t\t\t<\/div><\/figure><figure class='gallery-item'>\n\t\t\t<div class='gallery-icon landscape'>\n\t\t\t\t<img loading=\"lazy\" decoding=\"async\" width=\"1000\" height=\"708\" src=\"https:\/\/kaj.hr\/korijeni\/wp-content\/uploads\/2015\/10\/IMG_3479.jpg\" class=\"attachment-full size-full\" alt=\"\" srcset=\"https:\/\/kaj.hr\/korijeni\/wp-content\/uploads\/2015\/10\/IMG_3479.jpg 1000w, https:\/\/kaj.hr\/korijeni\/wp-content\/uploads\/2015\/10\/IMG_3479-300x212.jpg 300w, https:\/\/kaj.hr\/korijeni\/wp-content\/uploads\/2015\/10\/IMG_3479-768x544.jpg 768w\" sizes=\"auto, (max-width: 1000px) 100vw, 1000px\" \/>\n\t\t\t<\/div><\/figure><figure class='gallery-item'>\n\t\t\t<div class='gallery-icon landscape'>\n\t\t\t\t<img loading=\"lazy\" decoding=\"async\" width=\"1000\" height=\"750\" src=\"https:\/\/kaj.hr\/korijeni\/wp-content\/uploads\/2015\/10\/IMG_3482-0.jpg\" class=\"attachment-full size-full\" alt=\"\" srcset=\"https:\/\/kaj.hr\/korijeni\/wp-content\/uploads\/2015\/10\/IMG_3482-0.jpg 1000w, https:\/\/kaj.hr\/korijeni\/wp-content\/uploads\/2015\/10\/IMG_3482-0-300x225.jpg 300w, https:\/\/kaj.hr\/korijeni\/wp-content\/uploads\/2015\/10\/IMG_3482-0-768x576.jpg 768w\" sizes=\"auto, (max-width: 1000px) 100vw, 1000px\" \/>\n\t\t\t<\/div><\/figure><figure class='gallery-item'>\n\t\t\t<div class='gallery-icon landscape'>\n\t\t\t\t<img loading=\"lazy\" decoding=\"async\" width=\"1000\" height=\"816\" src=\"https:\/\/kaj.hr\/korijeni\/wp-content\/uploads\/2015\/10\/IMG_3486.jpg\" class=\"attachment-full size-full\" alt=\"\" srcset=\"https:\/\/kaj.hr\/korijeni\/wp-content\/uploads\/2015\/10\/IMG_3486.jpg 1000w, https:\/\/kaj.hr\/korijeni\/wp-content\/uploads\/2015\/10\/IMG_3486-300x245.jpg 300w, https:\/\/kaj.hr\/korijeni\/wp-content\/uploads\/2015\/10\/IMG_3486-768x627.jpg 768w\" sizes=\"auto, (max-width: 1000px) 100vw, 1000px\" \/>\n\t\t\t<\/div><\/figure><figure class='gallery-item'>\n\t\t\t<div class='gallery-icon landscape'>\n\t\t\t\t<img loading=\"lazy\" decoding=\"async\" width=\"1141\" height=\"883\" src=\"https:\/\/kaj.hr\/korijeni\/wp-content\/uploads\/2015\/10\/IMG_3493.jpg\" class=\"attachment-full size-full\" alt=\"\" srcset=\"https:\/\/kaj.hr\/korijeni\/wp-content\/uploads\/2015\/10\/IMG_3493.jpg 1141w, https:\/\/kaj.hr\/korijeni\/wp-content\/uploads\/2015\/10\/IMG_3493-300x232.jpg 300w, https:\/\/kaj.hr\/korijeni\/wp-content\/uploads\/2015\/10\/IMG_3493-768x594.jpg 768w, https:\/\/kaj.hr\/korijeni\/wp-content\/uploads\/2015\/10\/IMG_3493-1024x792.jpg 1024w\" sizes=\"auto, (max-width: 1141px) 100vw, 1141px\" \/>\n\t\t\t<\/div><\/figure><figure class='gallery-item'>\n\t\t\t<div class='gallery-icon landscape'>\n\t\t\t\t<img loading=\"lazy\" decoding=\"async\" width=\"1000\" height=\"750\" src=\"https:\/\/kaj.hr\/korijeni\/wp-content\/uploads\/2015\/10\/IMG_3498.jpg\" class=\"attachment-full size-full\" alt=\"\" srcset=\"https:\/\/kaj.hr\/korijeni\/wp-content\/uploads\/2015\/10\/IMG_3498.jpg 1000w, https:\/\/kaj.hr\/korijeni\/wp-content\/uploads\/2015\/10\/IMG_3498-300x225.jpg 300w, https:\/\/kaj.hr\/korijeni\/wp-content\/uploads\/2015\/10\/IMG_3498-768x576.jpg 768w\" sizes=\"auto, (max-width: 1000px) 100vw, 1000px\" \/>\n\t\t\t<\/div><\/figure><figure class='gallery-item'>\n\t\t\t<div class='gallery-icon landscape'>\n\t\t\t\t<img loading=\"lazy\" decoding=\"async\" width=\"1000\" height=\"746\" src=\"https:\/\/kaj.hr\/korijeni\/wp-content\/uploads\/2015\/10\/IMG_3499.jpg\" class=\"attachment-full size-full\" alt=\"\" srcset=\"https:\/\/kaj.hr\/korijeni\/wp-content\/uploads\/2015\/10\/IMG_3499.jpg 1000w, https:\/\/kaj.hr\/korijeni\/wp-content\/uploads\/2015\/10\/IMG_3499-300x224.jpg 300w, https:\/\/kaj.hr\/korijeni\/wp-content\/uploads\/2015\/10\/IMG_3499-768x573.jpg 768w\" sizes=\"auto, (max-width: 1000px) 100vw, 1000px\" \/>\n\t\t\t<\/div><\/figure><figure class='gallery-item'>\n\t\t\t<div class='gallery-icon landscape'>\n\t\t\t\t<img loading=\"lazy\" decoding=\"async\" width=\"1000\" height=\"688\" src=\"https:\/\/kaj.hr\/korijeni\/wp-content\/uploads\/2015\/10\/IMG_3500.jpg\" class=\"attachment-full size-full\" alt=\"\" srcset=\"https:\/\/kaj.hr\/korijeni\/wp-content\/uploads\/2015\/10\/IMG_3500.jpg 1000w, https:\/\/kaj.hr\/korijeni\/wp-content\/uploads\/2015\/10\/IMG_3500-300x206.jpg 300w, https:\/\/kaj.hr\/korijeni\/wp-content\/uploads\/2015\/10\/IMG_3500-768x528.jpg 768w\" sizes=\"auto, (max-width: 1000px) 100vw, 1000px\" \/>\n\t\t\t<\/div><\/figure><figure class='gallery-item'>\n\t\t\t<div class='gallery-icon portrait'>\n\t\t\t\t<img loading=\"lazy\" decoding=\"async\" width=\"750\" height=\"1000\" src=\"https:\/\/kaj.hr\/korijeni\/wp-content\/uploads\/2015\/10\/IMG_3511.jpg\" class=\"attachment-full size-full\" alt=\"\" srcset=\"https:\/\/kaj.hr\/korijeni\/wp-content\/uploads\/2015\/10\/IMG_3511.jpg 750w, https:\/\/kaj.hr\/korijeni\/wp-content\/uploads\/2015\/10\/IMG_3511-225x300.jpg 225w\" sizes=\"auto, (max-width: 750px) 100vw, 750px\" \/>\n\t\t\t<\/div><\/figure>\n\t\t<\/div>\n\n","protected":false},"excerpt":{"rendered":"<p>Odgojno-obrazovni projekt Etnografskog muzeja i Radija Kaj Dajmo djeci korijene i krila,&#8230;<\/p>\n<div class=\"more-link-wrapper\"><a class=\"more-link\" href=\"https:\/\/kaj.hr\/korijeni\/korijeni-i-krila-u-bjelovaru\/\">Vi\u0161e&#8230;<span class=\"screen-reader-text\">Korijeni i krila u Bjelovaru<\/span><\/a><\/div>\n","protected":false},"author":1,"featured_media":959,"comment_status":"closed","ping_status":"closed","sticky":false,"template":"","format":"standard","meta":{"footnotes":""},"categories":[2],"tags":[],"class_list":["post-958","post","type-post","status-publish","format-standard","has-post-thumbnail","hentry","category-podjela","ratio-16-9","entry"],"yoast_head":"<!-- This site is optimized with the Yoast SEO plugin v24.4 - https:\/\/yoast.com\/wordpress\/plugins\/seo\/ -->\n<title>Korijeni i krila u Bjelovaru - Korijeni i krila<\/title>\n<meta name=\"robots\" content=\"index, follow, max-snippet:-1, max-image-preview:large, max-video-preview:-1\" \/>\n<link rel=\"canonical\" href=\"https:\/\/kaj.hr\/korijeni\/korijeni-i-krila-u-bjelovaru\/\" \/>\n<meta property=\"og:locale\" content=\"hr_HR\" \/>\n<meta property=\"og:type\" content=\"article\" \/>\n<meta property=\"og:title\" content=\"Korijeni i krila u Bjelovaru - Korijeni i krila\" \/>\n<meta property=\"og:description\" content=\"Odgojno-obrazovni projekt Etnografskog muzeja i Radija Kaj Dajmo djeci korijene i krila,&#8230;\" \/>\n<meta property=\"og:url\" content=\"https:\/\/kaj.hr\/korijeni\/korijeni-i-krila-u-bjelovaru\/\" \/>\n<meta property=\"og:site_name\" content=\"Korijeni i krila\" \/>\n<meta property=\"article:published_time\" content=\"2015-10-25T11:28:26+00:00\" \/>\n<meta property=\"article:modified_time\" content=\"2019-04-23T11:32:29+00:00\" \/>\n<meta property=\"og:image\" content=\"https:\/\/kaj.hr\/korijeni\/wp-content\/uploads\/2019\/04\/IMG_3485-e1446135115849.jpg\" \/>\n\t<meta property=\"og:image:width\" content=\"1000\" \/>\n\t<meta property=\"og:image:height\" content=\"575\" \/>\n\t<meta property=\"og:image:type\" content=\"image\/jpeg\" \/>\n<meta name=\"author\" content=\"pavlekovic\" \/>\n<meta name=\"twitter:card\" content=\"summary_large_image\" \/>\n<meta name=\"twitter:label1\" content=\"Napisao\/la\" \/>\n\t<meta name=\"twitter:data1\" content=\"pavlekovic\" \/>\n\t<meta name=\"twitter:label2\" content=\"Procijenjeno vrijeme \u010ditanja\" \/>\n\t<meta name=\"twitter:data2\" content=\"1 minuta\" \/>\n<script type=\"application\/ld+json\" class=\"yoast-schema-graph\">{\"@context\":\"https:\/\/schema.org\",\"@graph\":[{\"@type\":\"WebPage\",\"@id\":\"https:\/\/kaj.hr\/korijeni\/korijeni-i-krila-u-bjelovaru\/\",\"url\":\"https:\/\/kaj.hr\/korijeni\/korijeni-i-krila-u-bjelovaru\/\",\"name\":\"Korijeni i krila u Bjelovaru - Korijeni i krila\",\"isPartOf\":{\"@id\":\"https:\/\/kaj.hr\/korijeni\/#website\"},\"primaryImageOfPage\":{\"@id\":\"https:\/\/kaj.hr\/korijeni\/korijeni-i-krila-u-bjelovaru\/#primaryimage\"},\"image\":{\"@id\":\"https:\/\/kaj.hr\/korijeni\/korijeni-i-krila-u-bjelovaru\/#primaryimage\"},\"thumbnailUrl\":\"https:\/\/kaj.hr\/korijeni\/wp-content\/uploads\/2019\/04\/IMG_3485-e1446135115849.jpg\",\"datePublished\":\"2015-10-25T11:28:26+00:00\",\"dateModified\":\"2019-04-23T11:32:29+00:00\",\"author\":{\"@id\":\"https:\/\/kaj.hr\/korijeni\/#\/schema\/person\/ad224cfd5208650e1f7ab48b355dbdd4\"},\"inLanguage\":\"hr\",\"potentialAction\":[{\"@type\":\"ReadAction\",\"target\":[\"https:\/\/kaj.hr\/korijeni\/korijeni-i-krila-u-bjelovaru\/\"]}]},{\"@type\":\"ImageObject\",\"inLanguage\":\"hr\",\"@id\":\"https:\/\/kaj.hr\/korijeni\/korijeni-i-krila-u-bjelovaru\/#primaryimage\",\"url\":\"https:\/\/kaj.hr\/korijeni\/wp-content\/uploads\/2019\/04\/IMG_3485-e1446135115849.jpg\",\"contentUrl\":\"https:\/\/kaj.hr\/korijeni\/wp-content\/uploads\/2019\/04\/IMG_3485-e1446135115849.jpg\",\"width\":1000,\"height\":575},{\"@type\":\"WebSite\",\"@id\":\"https:\/\/kaj.hr\/korijeni\/#website\",\"url\":\"https:\/\/kaj.hr\/korijeni\/\",\"name\":\"Korijeni i krila\",\"description\":\"Dajmo djeci korijene i krila  -  hrvatski odgojno-obrazovni projekt Etnografskog muzeja i Radija Kaj\",\"potentialAction\":[{\"@type\":\"SearchAction\",\"target\":{\"@type\":\"EntryPoint\",\"urlTemplate\":\"https:\/\/kaj.hr\/korijeni\/?s={search_term_string}\"},\"query-input\":{\"@type\":\"PropertyValueSpecification\",\"valueRequired\":true,\"valueName\":\"search_term_string\"}}],\"inLanguage\":\"hr\"},{\"@type\":\"Person\",\"@id\":\"https:\/\/kaj.hr\/korijeni\/#\/schema\/person\/ad224cfd5208650e1f7ab48b355dbdd4\",\"name\":\"pavlekovic\",\"url\":\"https:\/\/kaj.hr\/korijeni\/author\/pavlekovic\/\"}]}<\/script>\n<!-- \/ Yoast SEO plugin. -->","yoast_head_json":{"title":"Korijeni i krila u Bjelovaru - Korijeni i krila","robots":{"index":"index","follow":"follow","max-snippet":"max-snippet:-1","max-image-preview":"max-image-preview:large","max-video-preview":"max-video-preview:-1"},"canonical":"https:\/\/kaj.hr\/korijeni\/korijeni-i-krila-u-bjelovaru\/","og_locale":"hr_HR","og_type":"article","og_title":"Korijeni i krila u Bjelovaru - Korijeni i krila","og_description":"Odgojno-obrazovni projekt Etnografskog muzeja i Radija Kaj Dajmo djeci korijene i krila,&#8230;","og_url":"https:\/\/kaj.hr\/korijeni\/korijeni-i-krila-u-bjelovaru\/","og_site_name":"Korijeni i krila","article_published_time":"2015-10-25T11:28:26+00:00","article_modified_time":"2019-04-23T11:32:29+00:00","og_image":[{"width":1000,"height":575,"url":"https:\/\/kaj.hr\/korijeni\/wp-content\/uploads\/2019\/04\/IMG_3485-e1446135115849.jpg","type":"image\/jpeg"}],"author":"pavlekovic","twitter_card":"summary_large_image","twitter_misc":{"Napisao\/la":"pavlekovic","Procijenjeno vrijeme \u010ditanja":"1 minuta"},"schema":{"@context":"https:\/\/schema.org","@graph":[{"@type":"WebPage","@id":"https:\/\/kaj.hr\/korijeni\/korijeni-i-krila-u-bjelovaru\/","url":"https:\/\/kaj.hr\/korijeni\/korijeni-i-krila-u-bjelovaru\/","name":"Korijeni i krila u Bjelovaru - Korijeni i krila","isPartOf":{"@id":"https:\/\/kaj.hr\/korijeni\/#website"},"primaryImageOfPage":{"@id":"https:\/\/kaj.hr\/korijeni\/korijeni-i-krila-u-bjelovaru\/#primaryimage"},"image":{"@id":"https:\/\/kaj.hr\/korijeni\/korijeni-i-krila-u-bjelovaru\/#primaryimage"},"thumbnailUrl":"https:\/\/kaj.hr\/korijeni\/wp-content\/uploads\/2019\/04\/IMG_3485-e1446135115849.jpg","datePublished":"2015-10-25T11:28:26+00:00","dateModified":"2019-04-23T11:32:29+00:00","author":{"@id":"https:\/\/kaj.hr\/korijeni\/#\/schema\/person\/ad224cfd5208650e1f7ab48b355dbdd4"},"inLanguage":"hr","potentialAction":[{"@type":"ReadAction","target":["https:\/\/kaj.hr\/korijeni\/korijeni-i-krila-u-bjelovaru\/"]}]},{"@type":"ImageObject","inLanguage":"hr","@id":"https:\/\/kaj.hr\/korijeni\/korijeni-i-krila-u-bjelovaru\/#primaryimage","url":"https:\/\/kaj.hr\/korijeni\/wp-content\/uploads\/2019\/04\/IMG_3485-e1446135115849.jpg","contentUrl":"https:\/\/kaj.hr\/korijeni\/wp-content\/uploads\/2019\/04\/IMG_3485-e1446135115849.jpg","width":1000,"height":575},{"@type":"WebSite","@id":"https:\/\/kaj.hr\/korijeni\/#website","url":"https:\/\/kaj.hr\/korijeni\/","name":"Korijeni i krila","description":"Dajmo djeci korijene i krila  -  hrvatski odgojno-obrazovni projekt Etnografskog muzeja i Radija Kaj","potentialAction":[{"@type":"SearchAction","target":{"@type":"EntryPoint","urlTemplate":"https:\/\/kaj.hr\/korijeni\/?s={search_term_string}"},"query-input":{"@type":"PropertyValueSpecification","valueRequired":true,"valueName":"search_term_string"}}],"inLanguage":"hr"},{"@type":"Person","@id":"https:\/\/kaj.hr\/korijeni\/#\/schema\/person\/ad224cfd5208650e1f7ab48b355dbdd4","name":"pavlekovic","url":"https:\/\/kaj.hr\/korijeni\/author\/pavlekovic\/"}]}},"_links":{"self":[{"href":"https:\/\/kaj.hr\/korijeni\/wp-json\/wp\/v2\/posts\/958","targetHints":{"allow":["GET"]}}],"collection":[{"href":"https:\/\/kaj.hr\/korijeni\/wp-json\/wp\/v2\/posts"}],"about":[{"href":"https:\/\/kaj.hr\/korijeni\/wp-json\/wp\/v2\/types\/post"}],"author":[{"embeddable":true,"href":"https:\/\/kaj.hr\/korijeni\/wp-json\/wp\/v2\/users\/1"}],"replies":[{"embeddable":true,"href":"https:\/\/kaj.hr\/korijeni\/wp-json\/wp\/v2\/comments?post=958"}],"version-history":[{"count":2,"href":"https:\/\/kaj.hr\/korijeni\/wp-json\/wp\/v2\/posts\/958\/revisions"}],"predecessor-version":[{"id":971,"href":"https:\/\/kaj.hr\/korijeni\/wp-json\/wp\/v2\/posts\/958\/revisions\/971"}],"wp:featuredmedia":[{"embeddable":true,"href":"https:\/\/kaj.hr\/korijeni\/wp-json\/wp\/v2\/media\/959"}],"wp:attachment":[{"href":"https:\/\/kaj.hr\/korijeni\/wp-json\/wp\/v2\/media?parent=958"}],"wp:term":[{"taxonomy":"category","embeddable":true,"href":"https:\/\/kaj.hr\/korijeni\/wp-json\/wp\/v2\/categories?post=958"},{"taxonomy":"post_tag","embeddable":true,"href":"https:\/\/kaj.hr\/korijeni\/wp-json\/wp\/v2\/tags?post=958"}],"curies":[{"name":"wp","href":"https:\/\/api.w.org\/{rel}","templated":true}]}}