{"id":758,"date":"2017-03-09T10:22:09","date_gmt":"2017-03-09T10:22:09","guid":{"rendered":"https:\/\/korijeni.hr\/?p=758"},"modified":"2019-04-23T10:24:31","modified_gmt":"2019-04-23T10:24:31","slug":"korijeni-i-krila-u-ogulinu","status":"publish","type":"post","link":"https:\/\/kaj.hr\/korijeni\/korijeni-i-krila-u-ogulinu\/","title":{"rendered":"Korijeni i krila u Ogulinu"},"content":{"rendered":"<p>U dje\u010djem vrti\u0107u Bistrac u Ogulinu, nastavljen je\u00a0 u \u010detvrtak 9. o\u017eujka 2017. godine veliki hrvatski odgojno-obrazovni projekt Dajmo djeci korijene i krila, kojega zajedno provode Etnografski muzej iz Zagreba i Radio Kaj. Ravnateljici vrti\u0107a Bistrac Ivanki Turkovi\u0107, tradicijske drvene igra\u010dke, proizvedene u Mariji Bistrici, zajedno su uru\u010dili \u017eupan Karlova\u010dke \u017eupanije Ivan Vu\u010di\u0107 i gradona\u010delnik Ogulina Jure Turkovi\u0107. O projektu Dajmo djeci korijene i krila govorila je autorica Mirjana Drobina iz Etnografskog muzeja u Zagrebu. Dje\u010dji vrti\u0107 Bistrac je 74 po redu, \u0161irom Hrvatske u kojega je stigao projekt Dajmo djeci korijene i krila. Realizaciju projekta u Ogulinu zajedno su omogu\u0107ili Karlova\u010dka \u017eupanija i grad Ogulin. Projekt trajno podr\u017eavaju tvrtke Narodne novine i Janaf, pa \u0107e mali\u0161ani na dar primiti i poklon paket crta\u0107eg pribora Narodnih novina. Ovakvi susreti s djecom odr\u017eavni su \u0161irom Hrvatske, od Hrvatskog zagorja, Me\u0111imurja, Podravine i Prigorja, preko Zagreba, Slavonskog Broda, Vukovara, Rijeke do Dubrovnika. Zahvaljuju\u0107i projektu Dajmo djeci korijene i krila, djeca se u vrti\u0107ima upoznaju s dijelom hrvatske kulturne ba\u0161tine i hrvatskim tradicijskim vrijednostima. Igra\u010dke je UNESCO uvrstio na reprezentativnu listu za\u0161ti\u0107ene kulturne ba\u0161tine.<\/p>\n<div id='gallery-1' class='gallery galleryid-758 gallery-columns-1 gallery-size-full'><figure class='gallery-item'>\n\t\t\t<div class='gallery-icon landscape'>\n\t\t\t\t<img loading=\"lazy\" decoding=\"async\" width=\"1024\" height=\"699\" src=\"https:\/\/kaj.hr\/korijeni\/wp-content\/uploads\/2019\/04\/dv-masla\u010dak-m-drobina-1024x699.jpg\" class=\"attachment-full size-full\" alt=\"\" srcset=\"https:\/\/kaj.hr\/korijeni\/wp-content\/uploads\/2019\/04\/dv-masla\u010dak-m-drobina-1024x699.jpg 1024w, https:\/\/kaj.hr\/korijeni\/wp-content\/uploads\/2019\/04\/dv-masla\u010dak-m-drobina-1024x699-300x205.jpg 300w, https:\/\/kaj.hr\/korijeni\/wp-content\/uploads\/2019\/04\/dv-masla\u010dak-m-drobina-1024x699-768x524.jpg 768w\" sizes=\"auto, (max-width: 1024px) 100vw, 1024px\" \/>\n\t\t\t<\/div><\/figure><figure class='gallery-item'>\n\t\t\t<div class='gallery-icon landscape'>\n\t\t\t\t<img loading=\"lazy\" decoding=\"async\" width=\"1024\" height=\"646\" src=\"https:\/\/kaj.hr\/korijeni\/wp-content\/uploads\/2019\/04\/dv-masla\u010dak-nn-1024x646.jpg\" class=\"attachment-full size-full\" alt=\"\" srcset=\"https:\/\/kaj.hr\/korijeni\/wp-content\/uploads\/2019\/04\/dv-masla\u010dak-nn-1024x646.jpg 1024w, https:\/\/kaj.hr\/korijeni\/wp-content\/uploads\/2019\/04\/dv-masla\u010dak-nn-1024x646-300x189.jpg 300w, https:\/\/kaj.hr\/korijeni\/wp-content\/uploads\/2019\/04\/dv-masla\u010dak-nn-1024x646-768x485.jpg 768w\" sizes=\"auto, (max-width: 1024px) 100vw, 1024px\" \/>\n\t\t\t<\/div><\/figure><figure class='gallery-item'>\n\t\t\t<div class='gallery-icon landscape'>\n\t\t\t\t<img loading=\"lazy\" decoding=\"async\" width=\"1024\" height=\"637\" src=\"https:\/\/kaj.hr\/korijeni\/wp-content\/uploads\/2019\/04\/dv-masla\u010dak-turkovi\u0107-1024x637.jpg\" class=\"attachment-full size-full\" alt=\"\" srcset=\"https:\/\/kaj.hr\/korijeni\/wp-content\/uploads\/2019\/04\/dv-masla\u010dak-turkovi\u0107-1024x637.jpg 1024w, https:\/\/kaj.hr\/korijeni\/wp-content\/uploads\/2019\/04\/dv-masla\u010dak-turkovi\u0107-1024x637-300x187.jpg 300w, https:\/\/kaj.hr\/korijeni\/wp-content\/uploads\/2019\/04\/dv-masla\u010dak-turkovi\u0107-1024x637-768x478.jpg 768w\" sizes=\"auto, (max-width: 1024px) 100vw, 1024px\" \/>\n\t\t\t<\/div><\/figure><figure class='gallery-item'>\n\t\t\t<div class='gallery-icon landscape'>\n\t\t\t\t<img loading=\"lazy\" decoding=\"async\" width=\"1024\" height=\"702\" src=\"https:\/\/kaj.hr\/korijeni\/wp-content\/uploads\/2019\/04\/dv-masla\u010dak-turkovi\u0107-g-1024x702.jpg\" class=\"attachment-full size-full\" alt=\"\" srcset=\"https:\/\/kaj.hr\/korijeni\/wp-content\/uploads\/2019\/04\/dv-masla\u010dak-turkovi\u0107-g-1024x702.jpg 1024w, https:\/\/kaj.hr\/korijeni\/wp-content\/uploads\/2019\/04\/dv-masla\u010dak-turkovi\u0107-g-1024x702-300x206.jpg 300w, https:\/\/kaj.hr\/korijeni\/wp-content\/uploads\/2019\/04\/dv-masla\u010dak-turkovi\u0107-g-1024x702-768x527.jpg 768w\" sizes=\"auto, (max-width: 1024px) 100vw, 1024px\" \/>\n\t\t\t<\/div><\/figure><figure class='gallery-item'>\n\t\t\t<div class='gallery-icon landscape'>\n\t\t\t\t<img loading=\"lazy\" decoding=\"async\" width=\"1024\" height=\"682\" src=\"https:\/\/kaj.hr\/korijeni\/wp-content\/uploads\/2019\/04\/dv-masla\u010dak-vu\u010di\u0107-1024x682.jpg\" class=\"attachment-full size-full\" alt=\"\" srcset=\"https:\/\/kaj.hr\/korijeni\/wp-content\/uploads\/2019\/04\/dv-masla\u010dak-vu\u010di\u0107-1024x682.jpg 1024w, https:\/\/kaj.hr\/korijeni\/wp-content\/uploads\/2019\/04\/dv-masla\u010dak-vu\u010di\u0107-1024x682-300x200.jpg 300w, https:\/\/kaj.hr\/korijeni\/wp-content\/uploads\/2019\/04\/dv-masla\u010dak-vu\u010di\u0107-1024x682-768x512.jpg 768w\" sizes=\"auto, (max-width: 1024px) 100vw, 1024px\" \/>\n\t\t\t<\/div><\/figure><figure class='gallery-item'>\n\t\t\t<div class='gallery-icon landscape'>\n\t\t\t\t<img loading=\"lazy\" decoding=\"async\" width=\"1024\" height=\"768\" src=\"https:\/\/kaj.hr\/korijeni\/wp-content\/uploads\/2019\/04\/IMG_7643-1024x768.jpg\" class=\"attachment-full size-full\" alt=\"\" srcset=\"https:\/\/kaj.hr\/korijeni\/wp-content\/uploads\/2019\/04\/IMG_7643-1024x768.jpg 1024w, https:\/\/kaj.hr\/korijeni\/wp-content\/uploads\/2019\/04\/IMG_7643-1024x768-300x225.jpg 300w, https:\/\/kaj.hr\/korijeni\/wp-content\/uploads\/2019\/04\/IMG_7643-1024x768-768x576.jpg 768w\" sizes=\"auto, (max-width: 1024px) 100vw, 1024px\" \/>\n\t\t\t<\/div><\/figure><figure class='gallery-item'>\n\t\t\t<div class='gallery-icon portrait'>\n\t\t\t\t<img loading=\"lazy\" decoding=\"async\" width=\"978\" height=\"1024\" src=\"https:\/\/kaj.hr\/korijeni\/wp-content\/uploads\/2019\/04\/IMG_7644-978x1024.jpg\" class=\"attachment-full size-full\" alt=\"\" srcset=\"https:\/\/kaj.hr\/korijeni\/wp-content\/uploads\/2019\/04\/IMG_7644-978x1024.jpg 978w, https:\/\/kaj.hr\/korijeni\/wp-content\/uploads\/2019\/04\/IMG_7644-978x1024-287x300.jpg 287w, https:\/\/kaj.hr\/korijeni\/wp-content\/uploads\/2019\/04\/IMG_7644-978x1024-768x804.jpg 768w\" sizes=\"auto, (max-width: 978px) 100vw, 978px\" \/>\n\t\t\t<\/div><\/figure>\n\t\t<\/div>\n\n","protected":false},"excerpt":{"rendered":"<p>U dje\u010djem vrti\u0107u Bistrac u Ogulinu, nastavljen je\u00a0 u \u010detvrtak 9. o\u017eujka&#8230;<\/p>\n<div class=\"more-link-wrapper\"><a class=\"more-link\" href=\"https:\/\/kaj.hr\/korijeni\/korijeni-i-krila-u-ogulinu\/\">Vi\u0161e&#8230;<span class=\"screen-reader-text\">Korijeni i krila u Ogulinu<\/span><\/a><\/div>\n","protected":false},"author":1,"featured_media":759,"comment_status":"closed","ping_status":"closed","sticky":false,"template":"","format":"standard","meta":{"footnotes":""},"categories":[2],"tags":[],"class_list":["post-758","post","type-post","status-publish","format-standard","has-post-thumbnail","hentry","category-podjela","ratio-16-9","entry"],"yoast_head":"<!-- This site is optimized with the Yoast SEO plugin v24.4 - https:\/\/yoast.com\/wordpress\/plugins\/seo\/ -->\n<title>Korijeni i krila u Ogulinu - Korijeni i krila<\/title>\n<meta name=\"robots\" content=\"index, follow, max-snippet:-1, max-image-preview:large, max-video-preview:-1\" \/>\n<link rel=\"canonical\" href=\"https:\/\/kaj.hr\/korijeni\/korijeni-i-krila-u-ogulinu\/\" \/>\n<meta property=\"og:locale\" content=\"hr_HR\" \/>\n<meta property=\"og:type\" content=\"article\" \/>\n<meta property=\"og:title\" content=\"Korijeni i krila u Ogulinu - Korijeni i krila\" \/>\n<meta property=\"og:description\" content=\"U dje\u010djem vrti\u0107u Bistrac u Ogulinu, nastavljen je\u00a0 u \u010detvrtak 9. o\u017eujka&#8230;\" \/>\n<meta property=\"og:url\" content=\"https:\/\/kaj.hr\/korijeni\/korijeni-i-krila-u-ogulinu\/\" \/>\n<meta property=\"og:site_name\" content=\"Korijeni i krila\" \/>\n<meta property=\"article:published_time\" content=\"2017-03-09T10:22:09+00:00\" \/>\n<meta property=\"article:modified_time\" content=\"2019-04-23T10:24:31+00:00\" \/>\n<meta property=\"og:image\" content=\"https:\/\/kaj.hr\/korijeni\/wp-content\/uploads\/2019\/04\/IMG_7642.jpg\" \/>\n\t<meta property=\"og:image:width\" content=\"1000\" \/>\n\t<meta property=\"og:image:height\" content=\"750\" \/>\n\t<meta property=\"og:image:type\" content=\"image\/jpeg\" \/>\n<meta name=\"author\" content=\"pavlekovic\" \/>\n<meta name=\"twitter:card\" content=\"summary_large_image\" \/>\n<meta name=\"twitter:label1\" content=\"Napisao\/la\" \/>\n\t<meta name=\"twitter:data1\" content=\"pavlekovic\" \/>\n\t<meta name=\"twitter:label2\" content=\"Procijenjeno vrijeme \u010ditanja\" \/>\n\t<meta name=\"twitter:data2\" content=\"1 minuta\" \/>\n<script type=\"application\/ld+json\" class=\"yoast-schema-graph\">{\"@context\":\"https:\/\/schema.org\",\"@graph\":[{\"@type\":\"WebPage\",\"@id\":\"https:\/\/kaj.hr\/korijeni\/korijeni-i-krila-u-ogulinu\/\",\"url\":\"https:\/\/kaj.hr\/korijeni\/korijeni-i-krila-u-ogulinu\/\",\"name\":\"Korijeni i krila u Ogulinu - Korijeni i krila\",\"isPartOf\":{\"@id\":\"https:\/\/kaj.hr\/korijeni\/#website\"},\"primaryImageOfPage\":{\"@id\":\"https:\/\/kaj.hr\/korijeni\/korijeni-i-krila-u-ogulinu\/#primaryimage\"},\"image\":{\"@id\":\"https:\/\/kaj.hr\/korijeni\/korijeni-i-krila-u-ogulinu\/#primaryimage\"},\"thumbnailUrl\":\"https:\/\/kaj.hr\/korijeni\/wp-content\/uploads\/2019\/04\/IMG_7642.jpg\",\"datePublished\":\"2017-03-09T10:22:09+00:00\",\"dateModified\":\"2019-04-23T10:24:31+00:00\",\"author\":{\"@id\":\"https:\/\/kaj.hr\/korijeni\/#\/schema\/person\/ad224cfd5208650e1f7ab48b355dbdd4\"},\"inLanguage\":\"hr\",\"potentialAction\":[{\"@type\":\"ReadAction\",\"target\":[\"https:\/\/kaj.hr\/korijeni\/korijeni-i-krila-u-ogulinu\/\"]}]},{\"@type\":\"ImageObject\",\"inLanguage\":\"hr\",\"@id\":\"https:\/\/kaj.hr\/korijeni\/korijeni-i-krila-u-ogulinu\/#primaryimage\",\"url\":\"https:\/\/kaj.hr\/korijeni\/wp-content\/uploads\/2019\/04\/IMG_7642.jpg\",\"contentUrl\":\"https:\/\/kaj.hr\/korijeni\/wp-content\/uploads\/2019\/04\/IMG_7642.jpg\",\"width\":1000,\"height\":750},{\"@type\":\"WebSite\",\"@id\":\"https:\/\/kaj.hr\/korijeni\/#website\",\"url\":\"https:\/\/kaj.hr\/korijeni\/\",\"name\":\"Korijeni i krila\",\"description\":\"Dajmo djeci korijene i krila  -  hrvatski odgojno-obrazovni projekt Etnografskog muzeja i Radija Kaj\",\"potentialAction\":[{\"@type\":\"SearchAction\",\"target\":{\"@type\":\"EntryPoint\",\"urlTemplate\":\"https:\/\/kaj.hr\/korijeni\/?s={search_term_string}\"},\"query-input\":{\"@type\":\"PropertyValueSpecification\",\"valueRequired\":true,\"valueName\":\"search_term_string\"}}],\"inLanguage\":\"hr\"},{\"@type\":\"Person\",\"@id\":\"https:\/\/kaj.hr\/korijeni\/#\/schema\/person\/ad224cfd5208650e1f7ab48b355dbdd4\",\"name\":\"pavlekovic\",\"url\":\"https:\/\/kaj.hr\/korijeni\/author\/pavlekovic\/\"}]}<\/script>\n<!-- \/ Yoast SEO plugin. -->","yoast_head_json":{"title":"Korijeni i krila u Ogulinu - Korijeni i krila","robots":{"index":"index","follow":"follow","max-snippet":"max-snippet:-1","max-image-preview":"max-image-preview:large","max-video-preview":"max-video-preview:-1"},"canonical":"https:\/\/kaj.hr\/korijeni\/korijeni-i-krila-u-ogulinu\/","og_locale":"hr_HR","og_type":"article","og_title":"Korijeni i krila u Ogulinu - Korijeni i krila","og_description":"U dje\u010djem vrti\u0107u Bistrac u Ogulinu, nastavljen je\u00a0 u \u010detvrtak 9. o\u017eujka&#8230;","og_url":"https:\/\/kaj.hr\/korijeni\/korijeni-i-krila-u-ogulinu\/","og_site_name":"Korijeni i krila","article_published_time":"2017-03-09T10:22:09+00:00","article_modified_time":"2019-04-23T10:24:31+00:00","og_image":[{"width":1000,"height":750,"url":"https:\/\/kaj.hr\/korijeni\/wp-content\/uploads\/2019\/04\/IMG_7642.jpg","type":"image\/jpeg"}],"author":"pavlekovic","twitter_card":"summary_large_image","twitter_misc":{"Napisao\/la":"pavlekovic","Procijenjeno vrijeme \u010ditanja":"1 minuta"},"schema":{"@context":"https:\/\/schema.org","@graph":[{"@type":"WebPage","@id":"https:\/\/kaj.hr\/korijeni\/korijeni-i-krila-u-ogulinu\/","url":"https:\/\/kaj.hr\/korijeni\/korijeni-i-krila-u-ogulinu\/","name":"Korijeni i krila u Ogulinu - Korijeni i krila","isPartOf":{"@id":"https:\/\/kaj.hr\/korijeni\/#website"},"primaryImageOfPage":{"@id":"https:\/\/kaj.hr\/korijeni\/korijeni-i-krila-u-ogulinu\/#primaryimage"},"image":{"@id":"https:\/\/kaj.hr\/korijeni\/korijeni-i-krila-u-ogulinu\/#primaryimage"},"thumbnailUrl":"https:\/\/kaj.hr\/korijeni\/wp-content\/uploads\/2019\/04\/IMG_7642.jpg","datePublished":"2017-03-09T10:22:09+00:00","dateModified":"2019-04-23T10:24:31+00:00","author":{"@id":"https:\/\/kaj.hr\/korijeni\/#\/schema\/person\/ad224cfd5208650e1f7ab48b355dbdd4"},"inLanguage":"hr","potentialAction":[{"@type":"ReadAction","target":["https:\/\/kaj.hr\/korijeni\/korijeni-i-krila-u-ogulinu\/"]}]},{"@type":"ImageObject","inLanguage":"hr","@id":"https:\/\/kaj.hr\/korijeni\/korijeni-i-krila-u-ogulinu\/#primaryimage","url":"https:\/\/kaj.hr\/korijeni\/wp-content\/uploads\/2019\/04\/IMG_7642.jpg","contentUrl":"https:\/\/kaj.hr\/korijeni\/wp-content\/uploads\/2019\/04\/IMG_7642.jpg","width":1000,"height":750},{"@type":"WebSite","@id":"https:\/\/kaj.hr\/korijeni\/#website","url":"https:\/\/kaj.hr\/korijeni\/","name":"Korijeni i krila","description":"Dajmo djeci korijene i krila  -  hrvatski odgojno-obrazovni projekt Etnografskog muzeja i Radija Kaj","potentialAction":[{"@type":"SearchAction","target":{"@type":"EntryPoint","urlTemplate":"https:\/\/kaj.hr\/korijeni\/?s={search_term_string}"},"query-input":{"@type":"PropertyValueSpecification","valueRequired":true,"valueName":"search_term_string"}}],"inLanguage":"hr"},{"@type":"Person","@id":"https:\/\/kaj.hr\/korijeni\/#\/schema\/person\/ad224cfd5208650e1f7ab48b355dbdd4","name":"pavlekovic","url":"https:\/\/kaj.hr\/korijeni\/author\/pavlekovic\/"}]}},"_links":{"self":[{"href":"https:\/\/kaj.hr\/korijeni\/wp-json\/wp\/v2\/posts\/758","targetHints":{"allow":["GET"]}}],"collection":[{"href":"https:\/\/kaj.hr\/korijeni\/wp-json\/wp\/v2\/posts"}],"about":[{"href":"https:\/\/kaj.hr\/korijeni\/wp-json\/wp\/v2\/types\/post"}],"author":[{"embeddable":true,"href":"https:\/\/kaj.hr\/korijeni\/wp-json\/wp\/v2\/users\/1"}],"replies":[{"embeddable":true,"href":"https:\/\/kaj.hr\/korijeni\/wp-json\/wp\/v2\/comments?post=758"}],"version-history":[{"count":1,"href":"https:\/\/kaj.hr\/korijeni\/wp-json\/wp\/v2\/posts\/758\/revisions"}],"predecessor-version":[{"id":767,"href":"https:\/\/kaj.hr\/korijeni\/wp-json\/wp\/v2\/posts\/758\/revisions\/767"}],"wp:featuredmedia":[{"embeddable":true,"href":"https:\/\/kaj.hr\/korijeni\/wp-json\/wp\/v2\/media\/759"}],"wp:attachment":[{"href":"https:\/\/kaj.hr\/korijeni\/wp-json\/wp\/v2\/media?parent=758"}],"wp:term":[{"taxonomy":"category","embeddable":true,"href":"https:\/\/kaj.hr\/korijeni\/wp-json\/wp\/v2\/categories?post=758"},{"taxonomy":"post_tag","embeddable":true,"href":"https:\/\/kaj.hr\/korijeni\/wp-json\/wp\/v2\/tags?post=758"}],"curies":[{"name":"wp","href":"https:\/\/api.w.org\/{rel}","templated":true}]}}