{"id":680,"date":"2017-05-10T09:56:36","date_gmt":"2017-05-10T09:56:36","guid":{"rendered":"https:\/\/korijeni.hr\/?p=680"},"modified":"2019-04-23T09:59:42","modified_gmt":"2019-04-23T09:59:42","slug":"igracke-u-dv-u-en-ten-tini","status":"publish","type":"post","link":"https:\/\/kaj.hr\/korijeni\/igracke-u-dv-u-en-ten-tini\/","title":{"rendered":"Igra\u010dke u DV-u En ten tini"},"content":{"rendered":"<p>U dje\u010djem vrti\u0107u En ten tini u Zagrebu, nastavljen je, u srijedu 10. svibnja 2017. godine, vi\u0161egodi\u0161nji veliki hrvatski odgojno-obrazovni projekt Dajmo djeci korijene i krila, kojega zajedno provode Etnografski muzej iz Zagreba i Radio Kaj. Dje\u010dji vrti\u0107 En ten tini 81. je po redu, \u0161irom Hrvatske, u kojega je stigao projekt Dajmo djeci korijene i krila, autorice Mirjane Drobina. Realizaciju projekta od 2013. godine u zagreba\u010dkim dje\u010djim vrti\u0107ima omogu\u0107ava Grad \u00a0Zagreb, odnosno gradona\u010delnik Milan Bandi\u0107. Ravnateljici vrti\u0107a Mirjani \u010culjak, tradicijske drvene igra\u010dke, proizvedene u Mariji Bistrici, zajedno su uru\u010dili Nada Jambrek\u00a0 i Petar Latin\u010di\u0107,u ime zagreba\u010dkog gradona\u010delnika\u00a0 te autorica projekta Mirjana Drobina. Projekt Dajmo djeci korijene i krila podr\u017eavaju Ministarstvo kulture Republike Hrvatske, Narodne novine i Janaf. \u00a0Ovakvi susreti s djecom odr\u017eani su do sada \u0161irom Hrvatske, od Hrvatskog zagorja, Me\u0111imurja, Podravine i Prigorja, preko Zagreba, Slavonskog Broda, Vukovara, Rijeke do Dubrovnika\u2026 Zahvaljuju\u0107i projektu Dajmo djeci korijene i krila, djeca se u vrti\u0107ima upoznaju s dijelom hrvatske kulturne ba\u0161tine i hrvatskim tradicijskim vrijednostima. Igra\u010dke je UNESCO uvrstio na reprezentativnu listu za\u0161ti\u0107ene kulturne ba\u0161tine.<\/p>\n<div id='gallery-1' class='gallery galleryid-680 gallery-columns-1 gallery-size-full'><figure class='gallery-item'>\n\t\t\t<div class='gallery-icon landscape'>\n\t\t\t\t<img loading=\"lazy\" decoding=\"async\" width=\"1000\" height=\"664\" src=\"https:\/\/kaj.hr\/korijeni\/wp-content\/uploads\/2019\/04\/IMG_0773.jpg\" class=\"attachment-full size-full\" alt=\"\" srcset=\"https:\/\/kaj.hr\/korijeni\/wp-content\/uploads\/2019\/04\/IMG_0773.jpg 1000w, https:\/\/kaj.hr\/korijeni\/wp-content\/uploads\/2019\/04\/IMG_0773-300x199.jpg 300w, https:\/\/kaj.hr\/korijeni\/wp-content\/uploads\/2019\/04\/IMG_0773-768x510.jpg 768w\" sizes=\"auto, (max-width: 1000px) 100vw, 1000px\" \/>\n\t\t\t<\/div><\/figure><figure class='gallery-item'>\n\t\t\t<div class='gallery-icon landscape'>\n\t\t\t\t<img loading=\"lazy\" decoding=\"async\" width=\"1000\" height=\"634\" src=\"https:\/\/kaj.hr\/korijeni\/wp-content\/uploads\/2019\/04\/IMG_0775.jpg\" class=\"attachment-full size-full\" alt=\"\" srcset=\"https:\/\/kaj.hr\/korijeni\/wp-content\/uploads\/2019\/04\/IMG_0775.jpg 1000w, https:\/\/kaj.hr\/korijeni\/wp-content\/uploads\/2019\/04\/IMG_0775-300x190.jpg 300w, https:\/\/kaj.hr\/korijeni\/wp-content\/uploads\/2019\/04\/IMG_0775-768x487.jpg 768w\" sizes=\"auto, (max-width: 1000px) 100vw, 1000px\" \/>\n\t\t\t<\/div><\/figure><figure class='gallery-item'>\n\t\t\t<div class='gallery-icon landscape'>\n\t\t\t\t<img loading=\"lazy\" decoding=\"async\" width=\"1000\" height=\"569\" src=\"https:\/\/kaj.hr\/korijeni\/wp-content\/uploads\/2019\/04\/IMG_0778.jpg\" class=\"attachment-full size-full\" alt=\"\" srcset=\"https:\/\/kaj.hr\/korijeni\/wp-content\/uploads\/2019\/04\/IMG_0778.jpg 1000w, https:\/\/kaj.hr\/korijeni\/wp-content\/uploads\/2019\/04\/IMG_0778-300x171.jpg 300w, https:\/\/kaj.hr\/korijeni\/wp-content\/uploads\/2019\/04\/IMG_0778-768x437.jpg 768w\" sizes=\"auto, (max-width: 1000px) 100vw, 1000px\" \/>\n\t\t\t<\/div><\/figure><figure class='gallery-item'>\n\t\t\t<div class='gallery-icon landscape'>\n\t\t\t\t<img loading=\"lazy\" decoding=\"async\" width=\"1000\" height=\"624\" src=\"https:\/\/kaj.hr\/korijeni\/wp-content\/uploads\/2019\/04\/IMG_0792.jpg\" class=\"attachment-full size-full\" alt=\"\" srcset=\"https:\/\/kaj.hr\/korijeni\/wp-content\/uploads\/2019\/04\/IMG_0792.jpg 1000w, https:\/\/kaj.hr\/korijeni\/wp-content\/uploads\/2019\/04\/IMG_0792-300x187.jpg 300w, https:\/\/kaj.hr\/korijeni\/wp-content\/uploads\/2019\/04\/IMG_0792-768x479.jpg 768w\" sizes=\"auto, (max-width: 1000px) 100vw, 1000px\" \/>\n\t\t\t<\/div><\/figure><figure class='gallery-item'>\n\t\t\t<div class='gallery-icon landscape'>\n\t\t\t\t<img loading=\"lazy\" decoding=\"async\" width=\"1000\" height=\"524\" src=\"https:\/\/kaj.hr\/korijeni\/wp-content\/uploads\/2019\/04\/IMG_0796.jpg\" class=\"attachment-full size-full\" alt=\"\" srcset=\"https:\/\/kaj.hr\/korijeni\/wp-content\/uploads\/2019\/04\/IMG_0796.jpg 1000w, https:\/\/kaj.hr\/korijeni\/wp-content\/uploads\/2019\/04\/IMG_0796-300x157.jpg 300w, https:\/\/kaj.hr\/korijeni\/wp-content\/uploads\/2019\/04\/IMG_0796-768x402.jpg 768w\" sizes=\"auto, (max-width: 1000px) 100vw, 1000px\" \/>\n\t\t\t<\/div><\/figure><figure class='gallery-item'>\n\t\t\t<div class='gallery-icon landscape'>\n\t\t\t\t<img loading=\"lazy\" decoding=\"async\" width=\"1000\" height=\"576\" src=\"https:\/\/kaj.hr\/korijeni\/wp-content\/uploads\/2019\/04\/IMG_0801-e1494404604871.jpg\" class=\"attachment-full size-full\" alt=\"\" srcset=\"https:\/\/kaj.hr\/korijeni\/wp-content\/uploads\/2019\/04\/IMG_0801-e1494404604871.jpg 1000w, https:\/\/kaj.hr\/korijeni\/wp-content\/uploads\/2019\/04\/IMG_0801-e1494404604871-300x173.jpg 300w, https:\/\/kaj.hr\/korijeni\/wp-content\/uploads\/2019\/04\/IMG_0801-e1494404604871-768x442.jpg 768w\" sizes=\"auto, (max-width: 1000px) 100vw, 1000px\" \/>\n\t\t\t<\/div><\/figure>\n\t\t<\/div>\n\n","protected":false},"excerpt":{"rendered":"<p>U dje\u010djem vrti\u0107u En ten tini u Zagrebu, nastavljen je, u srijedu&#8230;<\/p>\n<div class=\"more-link-wrapper\"><a class=\"more-link\" href=\"https:\/\/kaj.hr\/korijeni\/igracke-u-dv-u-en-ten-tini\/\">Vi\u0161e&#8230;<span class=\"screen-reader-text\">Igra\u010dke u DV-u En ten tini<\/span><\/a><\/div>\n","protected":false},"author":1,"featured_media":681,"comment_status":"closed","ping_status":"closed","sticky":false,"template":"","format":"standard","meta":{"footnotes":""},"categories":[2],"tags":[],"class_list":["post-680","post","type-post","status-publish","format-standard","has-post-thumbnail","hentry","category-podjela","ratio-16-9","entry"],"yoast_head":"<!-- This site is optimized with the Yoast SEO plugin v24.4 - https:\/\/yoast.com\/wordpress\/plugins\/seo\/ -->\n<title>Igra\u010dke u DV-u En ten tini - Korijeni i krila<\/title>\n<meta name=\"robots\" content=\"index, follow, max-snippet:-1, max-image-preview:large, max-video-preview:-1\" \/>\n<link rel=\"canonical\" href=\"https:\/\/kaj.hr\/korijeni\/igracke-u-dv-u-en-ten-tini\/\" \/>\n<meta property=\"og:locale\" content=\"hr_HR\" \/>\n<meta property=\"og:type\" content=\"article\" \/>\n<meta property=\"og:title\" content=\"Igra\u010dke u DV-u En ten tini - Korijeni i krila\" \/>\n<meta property=\"og:description\" content=\"U dje\u010djem vrti\u0107u En ten tini u Zagrebu, nastavljen je, u srijedu&#8230;\" \/>\n<meta property=\"og:url\" content=\"https:\/\/kaj.hr\/korijeni\/igracke-u-dv-u-en-ten-tini\/\" \/>\n<meta property=\"og:site_name\" content=\"Korijeni i krila\" \/>\n<meta property=\"article:published_time\" content=\"2017-05-10T09:56:36+00:00\" \/>\n<meta property=\"article:modified_time\" content=\"2019-04-23T09:59:42+00:00\" \/>\n<meta property=\"og:image\" content=\"https:\/\/kaj.hr\/korijeni\/wp-content\/uploads\/2019\/04\/IMG_0788-e1494410108475.jpg\" \/>\n\t<meta property=\"og:image:width\" content=\"1000\" \/>\n\t<meta property=\"og:image:height\" content=\"513\" \/>\n\t<meta property=\"og:image:type\" content=\"image\/jpeg\" \/>\n<meta name=\"author\" content=\"pavlekovic\" \/>\n<meta name=\"twitter:card\" content=\"summary_large_image\" \/>\n<meta name=\"twitter:label1\" content=\"Napisao\/la\" \/>\n\t<meta name=\"twitter:data1\" content=\"pavlekovic\" \/>\n\t<meta name=\"twitter:label2\" content=\"Procijenjeno vrijeme \u010ditanja\" \/>\n\t<meta name=\"twitter:data2\" content=\"1 minuta\" \/>\n<script type=\"application\/ld+json\" class=\"yoast-schema-graph\">{\"@context\":\"https:\/\/schema.org\",\"@graph\":[{\"@type\":\"WebPage\",\"@id\":\"https:\/\/kaj.hr\/korijeni\/igracke-u-dv-u-en-ten-tini\/\",\"url\":\"https:\/\/kaj.hr\/korijeni\/igracke-u-dv-u-en-ten-tini\/\",\"name\":\"Igra\u010dke u DV-u En ten tini - Korijeni i krila\",\"isPartOf\":{\"@id\":\"https:\/\/kaj.hr\/korijeni\/#website\"},\"primaryImageOfPage\":{\"@id\":\"https:\/\/kaj.hr\/korijeni\/igracke-u-dv-u-en-ten-tini\/#primaryimage\"},\"image\":{\"@id\":\"https:\/\/kaj.hr\/korijeni\/igracke-u-dv-u-en-ten-tini\/#primaryimage\"},\"thumbnailUrl\":\"https:\/\/kaj.hr\/korijeni\/wp-content\/uploads\/2019\/04\/IMG_0788-e1494410108475.jpg\",\"datePublished\":\"2017-05-10T09:56:36+00:00\",\"dateModified\":\"2019-04-23T09:59:42+00:00\",\"author\":{\"@id\":\"https:\/\/kaj.hr\/korijeni\/#\/schema\/person\/ad224cfd5208650e1f7ab48b355dbdd4\"},\"inLanguage\":\"hr\",\"potentialAction\":[{\"@type\":\"ReadAction\",\"target\":[\"https:\/\/kaj.hr\/korijeni\/igracke-u-dv-u-en-ten-tini\/\"]}]},{\"@type\":\"ImageObject\",\"inLanguage\":\"hr\",\"@id\":\"https:\/\/kaj.hr\/korijeni\/igracke-u-dv-u-en-ten-tini\/#primaryimage\",\"url\":\"https:\/\/kaj.hr\/korijeni\/wp-content\/uploads\/2019\/04\/IMG_0788-e1494410108475.jpg\",\"contentUrl\":\"https:\/\/kaj.hr\/korijeni\/wp-content\/uploads\/2019\/04\/IMG_0788-e1494410108475.jpg\",\"width\":1000,\"height\":513},{\"@type\":\"WebSite\",\"@id\":\"https:\/\/kaj.hr\/korijeni\/#website\",\"url\":\"https:\/\/kaj.hr\/korijeni\/\",\"name\":\"Korijeni i krila\",\"description\":\"Dajmo djeci korijene i krila  -  hrvatski odgojno-obrazovni projekt Etnografskog muzeja i Radija Kaj\",\"potentialAction\":[{\"@type\":\"SearchAction\",\"target\":{\"@type\":\"EntryPoint\",\"urlTemplate\":\"https:\/\/kaj.hr\/korijeni\/?s={search_term_string}\"},\"query-input\":{\"@type\":\"PropertyValueSpecification\",\"valueRequired\":true,\"valueName\":\"search_term_string\"}}],\"inLanguage\":\"hr\"},{\"@type\":\"Person\",\"@id\":\"https:\/\/kaj.hr\/korijeni\/#\/schema\/person\/ad224cfd5208650e1f7ab48b355dbdd4\",\"name\":\"pavlekovic\",\"url\":\"https:\/\/kaj.hr\/korijeni\/author\/pavlekovic\/\"}]}<\/script>\n<!-- \/ Yoast SEO plugin. -->","yoast_head_json":{"title":"Igra\u010dke u DV-u En ten tini - Korijeni i krila","robots":{"index":"index","follow":"follow","max-snippet":"max-snippet:-1","max-image-preview":"max-image-preview:large","max-video-preview":"max-video-preview:-1"},"canonical":"https:\/\/kaj.hr\/korijeni\/igracke-u-dv-u-en-ten-tini\/","og_locale":"hr_HR","og_type":"article","og_title":"Igra\u010dke u DV-u En ten tini - Korijeni i krila","og_description":"U dje\u010djem vrti\u0107u En ten tini u Zagrebu, nastavljen je, u srijedu&#8230;","og_url":"https:\/\/kaj.hr\/korijeni\/igracke-u-dv-u-en-ten-tini\/","og_site_name":"Korijeni i krila","article_published_time":"2017-05-10T09:56:36+00:00","article_modified_time":"2019-04-23T09:59:42+00:00","og_image":[{"width":1000,"height":513,"url":"https:\/\/kaj.hr\/korijeni\/wp-content\/uploads\/2019\/04\/IMG_0788-e1494410108475.jpg","type":"image\/jpeg"}],"author":"pavlekovic","twitter_card":"summary_large_image","twitter_misc":{"Napisao\/la":"pavlekovic","Procijenjeno vrijeme \u010ditanja":"1 minuta"},"schema":{"@context":"https:\/\/schema.org","@graph":[{"@type":"WebPage","@id":"https:\/\/kaj.hr\/korijeni\/igracke-u-dv-u-en-ten-tini\/","url":"https:\/\/kaj.hr\/korijeni\/igracke-u-dv-u-en-ten-tini\/","name":"Igra\u010dke u DV-u En ten tini - Korijeni i krila","isPartOf":{"@id":"https:\/\/kaj.hr\/korijeni\/#website"},"primaryImageOfPage":{"@id":"https:\/\/kaj.hr\/korijeni\/igracke-u-dv-u-en-ten-tini\/#primaryimage"},"image":{"@id":"https:\/\/kaj.hr\/korijeni\/igracke-u-dv-u-en-ten-tini\/#primaryimage"},"thumbnailUrl":"https:\/\/kaj.hr\/korijeni\/wp-content\/uploads\/2019\/04\/IMG_0788-e1494410108475.jpg","datePublished":"2017-05-10T09:56:36+00:00","dateModified":"2019-04-23T09:59:42+00:00","author":{"@id":"https:\/\/kaj.hr\/korijeni\/#\/schema\/person\/ad224cfd5208650e1f7ab48b355dbdd4"},"inLanguage":"hr","potentialAction":[{"@type":"ReadAction","target":["https:\/\/kaj.hr\/korijeni\/igracke-u-dv-u-en-ten-tini\/"]}]},{"@type":"ImageObject","inLanguage":"hr","@id":"https:\/\/kaj.hr\/korijeni\/igracke-u-dv-u-en-ten-tini\/#primaryimage","url":"https:\/\/kaj.hr\/korijeni\/wp-content\/uploads\/2019\/04\/IMG_0788-e1494410108475.jpg","contentUrl":"https:\/\/kaj.hr\/korijeni\/wp-content\/uploads\/2019\/04\/IMG_0788-e1494410108475.jpg","width":1000,"height":513},{"@type":"WebSite","@id":"https:\/\/kaj.hr\/korijeni\/#website","url":"https:\/\/kaj.hr\/korijeni\/","name":"Korijeni i krila","description":"Dajmo djeci korijene i krila  -  hrvatski odgojno-obrazovni projekt Etnografskog muzeja i Radija Kaj","potentialAction":[{"@type":"SearchAction","target":{"@type":"EntryPoint","urlTemplate":"https:\/\/kaj.hr\/korijeni\/?s={search_term_string}"},"query-input":{"@type":"PropertyValueSpecification","valueRequired":true,"valueName":"search_term_string"}}],"inLanguage":"hr"},{"@type":"Person","@id":"https:\/\/kaj.hr\/korijeni\/#\/schema\/person\/ad224cfd5208650e1f7ab48b355dbdd4","name":"pavlekovic","url":"https:\/\/kaj.hr\/korijeni\/author\/pavlekovic\/"}]}},"_links":{"self":[{"href":"https:\/\/kaj.hr\/korijeni\/wp-json\/wp\/v2\/posts\/680","targetHints":{"allow":["GET"]}}],"collection":[{"href":"https:\/\/kaj.hr\/korijeni\/wp-json\/wp\/v2\/posts"}],"about":[{"href":"https:\/\/kaj.hr\/korijeni\/wp-json\/wp\/v2\/types\/post"}],"author":[{"embeddable":true,"href":"https:\/\/kaj.hr\/korijeni\/wp-json\/wp\/v2\/users\/1"}],"replies":[{"embeddable":true,"href":"https:\/\/kaj.hr\/korijeni\/wp-json\/wp\/v2\/comments?post=680"}],"version-history":[{"count":1,"href":"https:\/\/kaj.hr\/korijeni\/wp-json\/wp\/v2\/posts\/680\/revisions"}],"predecessor-version":[{"id":688,"href":"https:\/\/kaj.hr\/korijeni\/wp-json\/wp\/v2\/posts\/680\/revisions\/688"}],"wp:featuredmedia":[{"embeddable":true,"href":"https:\/\/kaj.hr\/korijeni\/wp-json\/wp\/v2\/media\/681"}],"wp:attachment":[{"href":"https:\/\/kaj.hr\/korijeni\/wp-json\/wp\/v2\/media?parent=680"}],"wp:term":[{"taxonomy":"category","embeddable":true,"href":"https:\/\/kaj.hr\/korijeni\/wp-json\/wp\/v2\/categories?post=680"},{"taxonomy":"post_tag","embeddable":true,"href":"https:\/\/kaj.hr\/korijeni\/wp-json\/wp\/v2\/tags?post=680"}],"curies":[{"name":"wp","href":"https:\/\/api.w.org\/{rel}","templated":true}]}}