{"id":63,"date":"2013-09-27T10:10:36","date_gmt":"2013-09-27T10:10:36","guid":{"rendered":"https:\/\/korijeni.hr\/?p=63"},"modified":"2019-03-14T11:07:04","modified_gmt":"2019-03-14T11:07:04","slug":"dv-dugo-selo","status":"publish","type":"post","link":"https:\/\/kaj.hr\/korijeni\/dv-dugo-selo\/","title":{"rendered":"DV Dugo Selo"},"content":{"rendered":"<p>Djeci Dje\u010djeg vrti\u0107a Dugo Selo danas je, (27. rujna 2013. godine), u sklopu projekta \u201eDajmo djeci korijene i krila\u201c kojeg provode Etnografski muzej iz Zagreba i Radio Kaj darovan komplet hrvatskih tradicijskih drvenih igra\u010daka.<\/p>\n<p>Isto tako iz tvrtke Narodne novine d.d., kao partner projekta, dugoselskim vrti\u0107anicima tako\u0111er su uru\u010dili poklon \u2013 drvene bojice i papire za crtanje, a na kraju razveselila ih je i predstava zagreba\u010dkog \u201eLaboratorija zabave\u201c pod nazivom \u201cVilko i dlakavi \u010dovjek\u201d.<\/p>\n<p>Tom prilikom vrijedne igra\u010dke, koje su ina\u010de uvr\u0161tene na UNESCO-vu reprezentativnu listu kulturnih dobara \u010dovje\u010danstva, djeci je simboli\u010dno uru\u010dio \u017eupan Stjepan Ko\u017ei\u0107, ispred Zagreba\u010dke \u017eupanije kao jo\u0161 jednog partnera projekta.<\/p>\n<p>Radi se o kompletu 30 igra\u010daka koje izra\u0111uju majstori iz Marije Bistrice, a ovim odgojno-obrazovnim projektom nastoje se ostvariti mnogostruki ciljevi.<\/p>\n<p>Osim o\u010duvanja umije\u0107a izrade tradicijskih igra\u010daka za budu\u0107nost, kao i samog poticanja novih generacija za drvodjelstvo, nastoji se upoznati djecu vrti\u0107ke dobi s ovim tradicionalnim hrvatskim igra\u010dkama, s ekolo\u0161kim aspektom proizvoda od drva te s korijenima hrvatske tradicije u izradi dje\u010djih igra\u010daka.<\/p>\n<p>Dana\u0161njom podjelom igra\u010daka u Dugom Selu zapo\u010deo je ciklus darivanja djece u vrti\u0107ima na podru\u010dju Zagreba\u010dke \u017eupanije, nakon \u0161to je projekt proveden na podru\u010dju Krapinsko-zagorske \u017eupanije.<\/p>\n<p>Gradona\u010delnik Dugog Sela Stipo Veli\u0107 povezao je dana\u0161nju donaciju sa zavr\u0161etkom radova na izgradnja dva dodatna paviljona vrti\u0107a. \u201eUpisom djece u nove dvije odgojne skupine, ostat \u0107e neupisano oko 40-ero, koja mogu biti upisana u dva privatna vrti\u0107a \u010dije odgojno-obrazovne programe sufinancira Grad.<\/p>\n<p>Sljede\u0107e godine DV Dugo Selo o\u010dekuje rekonstrukcija kuhinje koja \u0107e u kona\u010dnici mo\u0107i skrbiti o 430 djece, koliko \u0107e ih uskoro ovaj vrti\u0107 poha\u0111ati\u201c, kazao je gradona\u010delnik.<\/p>\n<p>Ravnateljica DV Dugo Selo Dra\u017eenka Sesan zahvalila se svima uklju\u010denima u projekt \u201eDajmo djeci korijene i krila\u201c, posebice u ime najmla\u0111ih. Predstavnici Zagreba\u010dke \u017eupanije i gosti potom su razgledali novoizgra\u0111ene smje\u0161tajne kapacitete koji \u0107e uskoro biti i otvoreni. (Tekst smo, sa zahvalno\u0161\u0107u autorima, prenijeli s portala www.dugoselo.hr)<\/p>\n","protected":false},"excerpt":{"rendered":"<p>Djeci Dje\u010djeg vrti\u0107a Dugo Selo danas je, (27. rujna 2013. godine), u&#8230;<\/p>\n<div class=\"more-link-wrapper\"><a class=\"more-link\" href=\"https:\/\/kaj.hr\/korijeni\/dv-dugo-selo\/\">Vi\u0161e&#8230;<span class=\"screen-reader-text\">DV Dugo Selo<\/span><\/a><\/div>\n","protected":false},"author":1,"featured_media":64,"comment_status":"closed","ping_status":"closed","sticky":false,"template":"","format":"standard","meta":{"footnotes":""},"categories":[2],"tags":[],"class_list":["post-63","post","type-post","status-publish","format-standard","has-post-thumbnail","hentry","category-podjela","ratio-16-9","entry"],"yoast_head":"<!-- This site is optimized with the Yoast SEO plugin v24.4 - https:\/\/yoast.com\/wordpress\/plugins\/seo\/ -->\n<title>DV Dugo Selo - Korijeni i krila<\/title>\n<meta name=\"robots\" content=\"index, follow, max-snippet:-1, max-image-preview:large, max-video-preview:-1\" \/>\n<link rel=\"canonical\" href=\"https:\/\/kaj.hr\/korijeni\/dv-dugo-selo\/\" \/>\n<meta property=\"og:locale\" content=\"hr_HR\" \/>\n<meta property=\"og:type\" content=\"article\" \/>\n<meta property=\"og:title\" content=\"DV Dugo Selo - Korijeni i krila\" \/>\n<meta property=\"og:description\" content=\"Djeci Dje\u010djeg vrti\u0107a Dugo Selo danas je, (27. rujna 2013. godine), u&#8230;\" \/>\n<meta property=\"og:url\" content=\"https:\/\/kaj.hr\/korijeni\/dv-dugo-selo\/\" \/>\n<meta property=\"og:site_name\" content=\"Korijeni i krila\" \/>\n<meta property=\"article:published_time\" content=\"2013-09-27T10:10:36+00:00\" \/>\n<meta property=\"article:modified_time\" content=\"2019-03-14T11:07:04+00:00\" \/>\n<meta property=\"og:image\" content=\"https:\/\/kaj.hr\/korijeni\/wp-content\/uploads\/2019\/03\/dugoselo130927poklon-744x498-e1430210801919.jpg\" \/>\n\t<meta property=\"og:image:width\" content=\"730\" \/>\n\t<meta property=\"og:image:height\" content=\"360\" \/>\n\t<meta property=\"og:image:type\" content=\"image\/jpeg\" \/>\n<meta name=\"author\" content=\"pavlekovic\" \/>\n<meta name=\"twitter:card\" content=\"summary_large_image\" \/>\n<meta name=\"twitter:label1\" content=\"Napisao\/la\" \/>\n\t<meta name=\"twitter:data1\" content=\"pavlekovic\" \/>\n\t<meta name=\"twitter:label2\" content=\"Procijenjeno vrijeme \u010ditanja\" \/>\n\t<meta name=\"twitter:data2\" content=\"2 minute\" \/>\n<script type=\"application\/ld+json\" class=\"yoast-schema-graph\">{\"@context\":\"https:\/\/schema.org\",\"@graph\":[{\"@type\":\"WebPage\",\"@id\":\"https:\/\/kaj.hr\/korijeni\/dv-dugo-selo\/\",\"url\":\"https:\/\/kaj.hr\/korijeni\/dv-dugo-selo\/\",\"name\":\"DV Dugo Selo - Korijeni i krila\",\"isPartOf\":{\"@id\":\"https:\/\/kaj.hr\/korijeni\/#website\"},\"primaryImageOfPage\":{\"@id\":\"https:\/\/kaj.hr\/korijeni\/dv-dugo-selo\/#primaryimage\"},\"image\":{\"@id\":\"https:\/\/kaj.hr\/korijeni\/dv-dugo-selo\/#primaryimage\"},\"thumbnailUrl\":\"https:\/\/kaj.hr\/korijeni\/wp-content\/uploads\/2019\/03\/dugoselo130927poklon-744x498-e1430210801919.jpg\",\"datePublished\":\"2013-09-27T10:10:36+00:00\",\"dateModified\":\"2019-03-14T11:07:04+00:00\",\"author\":{\"@id\":\"https:\/\/kaj.hr\/korijeni\/#\/schema\/person\/ad224cfd5208650e1f7ab48b355dbdd4\"},\"inLanguage\":\"hr\",\"potentialAction\":[{\"@type\":\"ReadAction\",\"target\":[\"https:\/\/kaj.hr\/korijeni\/dv-dugo-selo\/\"]}]},{\"@type\":\"ImageObject\",\"inLanguage\":\"hr\",\"@id\":\"https:\/\/kaj.hr\/korijeni\/dv-dugo-selo\/#primaryimage\",\"url\":\"https:\/\/kaj.hr\/korijeni\/wp-content\/uploads\/2019\/03\/dugoselo130927poklon-744x498-e1430210801919.jpg\",\"contentUrl\":\"https:\/\/kaj.hr\/korijeni\/wp-content\/uploads\/2019\/03\/dugoselo130927poklon-744x498-e1430210801919.jpg\",\"width\":730,\"height\":360},{\"@type\":\"WebSite\",\"@id\":\"https:\/\/kaj.hr\/korijeni\/#website\",\"url\":\"https:\/\/kaj.hr\/korijeni\/\",\"name\":\"Korijeni i krila\",\"description\":\"Dajmo djeci korijene i krila  -  hrvatski odgojno-obrazovni projekt Etnografskog muzeja i Radija Kaj\",\"potentialAction\":[{\"@type\":\"SearchAction\",\"target\":{\"@type\":\"EntryPoint\",\"urlTemplate\":\"https:\/\/kaj.hr\/korijeni\/?s={search_term_string}\"},\"query-input\":{\"@type\":\"PropertyValueSpecification\",\"valueRequired\":true,\"valueName\":\"search_term_string\"}}],\"inLanguage\":\"hr\"},{\"@type\":\"Person\",\"@id\":\"https:\/\/kaj.hr\/korijeni\/#\/schema\/person\/ad224cfd5208650e1f7ab48b355dbdd4\",\"name\":\"pavlekovic\",\"url\":\"https:\/\/kaj.hr\/korijeni\/author\/pavlekovic\/\"}]}<\/script>\n<!-- \/ Yoast SEO plugin. -->","yoast_head_json":{"title":"DV Dugo Selo - Korijeni i krila","robots":{"index":"index","follow":"follow","max-snippet":"max-snippet:-1","max-image-preview":"max-image-preview:large","max-video-preview":"max-video-preview:-1"},"canonical":"https:\/\/kaj.hr\/korijeni\/dv-dugo-selo\/","og_locale":"hr_HR","og_type":"article","og_title":"DV Dugo Selo - Korijeni i krila","og_description":"Djeci Dje\u010djeg vrti\u0107a Dugo Selo danas je, (27. rujna 2013. godine), u&#8230;","og_url":"https:\/\/kaj.hr\/korijeni\/dv-dugo-selo\/","og_site_name":"Korijeni i krila","article_published_time":"2013-09-27T10:10:36+00:00","article_modified_time":"2019-03-14T11:07:04+00:00","og_image":[{"width":730,"height":360,"url":"https:\/\/kaj.hr\/korijeni\/wp-content\/uploads\/2019\/03\/dugoselo130927poklon-744x498-e1430210801919.jpg","type":"image\/jpeg"}],"author":"pavlekovic","twitter_card":"summary_large_image","twitter_misc":{"Napisao\/la":"pavlekovic","Procijenjeno vrijeme \u010ditanja":"2 minute"},"schema":{"@context":"https:\/\/schema.org","@graph":[{"@type":"WebPage","@id":"https:\/\/kaj.hr\/korijeni\/dv-dugo-selo\/","url":"https:\/\/kaj.hr\/korijeni\/dv-dugo-selo\/","name":"DV Dugo Selo - Korijeni i krila","isPartOf":{"@id":"https:\/\/kaj.hr\/korijeni\/#website"},"primaryImageOfPage":{"@id":"https:\/\/kaj.hr\/korijeni\/dv-dugo-selo\/#primaryimage"},"image":{"@id":"https:\/\/kaj.hr\/korijeni\/dv-dugo-selo\/#primaryimage"},"thumbnailUrl":"https:\/\/kaj.hr\/korijeni\/wp-content\/uploads\/2019\/03\/dugoselo130927poklon-744x498-e1430210801919.jpg","datePublished":"2013-09-27T10:10:36+00:00","dateModified":"2019-03-14T11:07:04+00:00","author":{"@id":"https:\/\/kaj.hr\/korijeni\/#\/schema\/person\/ad224cfd5208650e1f7ab48b355dbdd4"},"inLanguage":"hr","potentialAction":[{"@type":"ReadAction","target":["https:\/\/kaj.hr\/korijeni\/dv-dugo-selo\/"]}]},{"@type":"ImageObject","inLanguage":"hr","@id":"https:\/\/kaj.hr\/korijeni\/dv-dugo-selo\/#primaryimage","url":"https:\/\/kaj.hr\/korijeni\/wp-content\/uploads\/2019\/03\/dugoselo130927poklon-744x498-e1430210801919.jpg","contentUrl":"https:\/\/kaj.hr\/korijeni\/wp-content\/uploads\/2019\/03\/dugoselo130927poklon-744x498-e1430210801919.jpg","width":730,"height":360},{"@type":"WebSite","@id":"https:\/\/kaj.hr\/korijeni\/#website","url":"https:\/\/kaj.hr\/korijeni\/","name":"Korijeni i krila","description":"Dajmo djeci korijene i krila  -  hrvatski odgojno-obrazovni projekt Etnografskog muzeja i Radija Kaj","potentialAction":[{"@type":"SearchAction","target":{"@type":"EntryPoint","urlTemplate":"https:\/\/kaj.hr\/korijeni\/?s={search_term_string}"},"query-input":{"@type":"PropertyValueSpecification","valueRequired":true,"valueName":"search_term_string"}}],"inLanguage":"hr"},{"@type":"Person","@id":"https:\/\/kaj.hr\/korijeni\/#\/schema\/person\/ad224cfd5208650e1f7ab48b355dbdd4","name":"pavlekovic","url":"https:\/\/kaj.hr\/korijeni\/author\/pavlekovic\/"}]}},"_links":{"self":[{"href":"https:\/\/kaj.hr\/korijeni\/wp-json\/wp\/v2\/posts\/63","targetHints":{"allow":["GET"]}}],"collection":[{"href":"https:\/\/kaj.hr\/korijeni\/wp-json\/wp\/v2\/posts"}],"about":[{"href":"https:\/\/kaj.hr\/korijeni\/wp-json\/wp\/v2\/types\/post"}],"author":[{"embeddable":true,"href":"https:\/\/kaj.hr\/korijeni\/wp-json\/wp\/v2\/users\/1"}],"replies":[{"embeddable":true,"href":"https:\/\/kaj.hr\/korijeni\/wp-json\/wp\/v2\/comments?post=63"}],"version-history":[{"count":1,"href":"https:\/\/kaj.hr\/korijeni\/wp-json\/wp\/v2\/posts\/63\/revisions"}],"predecessor-version":[{"id":65,"href":"https:\/\/kaj.hr\/korijeni\/wp-json\/wp\/v2\/posts\/63\/revisions\/65"}],"wp:featuredmedia":[{"embeddable":true,"href":"https:\/\/kaj.hr\/korijeni\/wp-json\/wp\/v2\/media\/64"}],"wp:attachment":[{"href":"https:\/\/kaj.hr\/korijeni\/wp-json\/wp\/v2\/media?parent=63"}],"wp:term":[{"taxonomy":"category","embeddable":true,"href":"https:\/\/kaj.hr\/korijeni\/wp-json\/wp\/v2\/categories?post=63"},{"taxonomy":"post_tag","embeddable":true,"href":"https:\/\/kaj.hr\/korijeni\/wp-json\/wp\/v2\/tags?post=63"}],"curies":[{"name":"wp","href":"https:\/\/api.w.org\/{rel}","templated":true}]}}