{"id":1869,"date":"2023-11-16T11:44:38","date_gmt":"2023-11-16T09:44:38","guid":{"rendered":"https:\/\/korijeni.hr\/?p=1869"},"modified":"2023-11-16T12:23:12","modified_gmt":"2023-11-16T10:23:12","slug":"dajmo-djeci-korijene-i-krila-u-cetvrtak-16-studenog-u-djecjem-vrticu-vladimira-nazora-u-zagrebu","status":"publish","type":"post","link":"https:\/\/kaj.hr\/korijeni\/dajmo-djeci-korijene-i-krila-u-cetvrtak-16-studenog-u-djecjem-vrticu-vladimira-nazora-u-zagrebu\/","title":{"rendered":"\u201eDajmo djeci korijene i krila\u201c u \u010detvrtak, 16. studenog u Dje\u010djem vrti\u0107u Vladimira Nazora u Zagrebu"},"content":{"rendered":"<p>ZAGREB \u2013 Pravo je djeteta da ima sretno djetinjstvo, a obveza odraslih je da mu to omogu\u0107e, moto je kojim su u \u010detvrtak, 16. studenog 2023. godine, do\u010dekali projekt \u201e<a href=\"https:\/\/kaj.hr\/korijeni\/\">Dajmo djeci korijene i krila\u201c<\/a>, u zagreba\u010dkom Dje\u010djem vrti\u0107u Vladimira Nazora. O 450-ero mali\u0161ana u \u010detiri objekta vrti\u0107a brinu 102 zaposlenika, a ravnateljica Dje\u010djeg vrti\u0107a Vladimira Nazora Ivana Knezovi\u0107 ka\u017ee kako u vrti\u0107u svakodnevno rade, u\u010de, smiju se, a ponekad i zapla\u010du, kad padnu, no to je sve \u017eivot, a upravo je dje\u010dji vrti\u0107 \u2013 \u017eivot. Dje\u010dji vrti\u0107 Vladimira Nazora 127. je vrti\u0107 diljem Hrvatske u koji je stigao projekt Dajmo djeci korijene i krila, kojeg zajedni\u010dki provode Radio Kaj i Etnografski muzej u Zagrebu. Autorica projekta\u00a0<a href=\"https:\/\/kaj.hr\/korijeni\/\">\u201eDajmo djeci korijene i krila\u201c<\/a>\u00a0Mirjana Drobina poru\u010dila je mali\u0161anima kako im \u017eeli jo\u0161 vi\u0161e radosti, veselja i u\u010denja dok \u0107e se igrati tradicijskim drvenim igra\u010dkama.<\/p>\n<p>Podjelu tradicijskih drvenih igra\u010daka, proizvedenih u Mariji Bistrici, u \u010detvrtak, 16. studenog 2023. godine, omogu\u0107io je Grad Zagreb, a podjeli je nazo\u010dila, u ime pro\u010delnika Gradskog ureda za obrazovanje, sport i mlade Grada Zagreba \u2013 stru\u010dna suradnica Ivona Naki\u0107 Vojnovi\u0107.<\/p>\n<div id='gallery-1' class='gallery galleryid-1869 gallery-columns-1 gallery-size-full'><figure class='gallery-item'>\n\t\t\t<div class='gallery-icon landscape'>\n\t\t\t\t<img loading=\"lazy\" decoding=\"async\" width=\"2560\" height=\"1440\" src=\"https:\/\/kaj.hr\/korijeni\/wp-content\/uploads\/2023\/11\/IMG_7772-scaled.jpg\" class=\"attachment-full size-full\" alt=\"\" srcset=\"https:\/\/kaj.hr\/korijeni\/wp-content\/uploads\/2023\/11\/IMG_7772-scaled.jpg 2560w, https:\/\/kaj.hr\/korijeni\/wp-content\/uploads\/2023\/11\/IMG_7772-300x169.jpg 300w, https:\/\/kaj.hr\/korijeni\/wp-content\/uploads\/2023\/11\/IMG_7772-1024x576.jpg 1024w, https:\/\/kaj.hr\/korijeni\/wp-content\/uploads\/2023\/11\/IMG_7772-768x432.jpg 768w, https:\/\/kaj.hr\/korijeni\/wp-content\/uploads\/2023\/11\/IMG_7772-1536x864.jpg 1536w, https:\/\/kaj.hr\/korijeni\/wp-content\/uploads\/2023\/11\/IMG_7772-2048x1152.jpg 2048w\" sizes=\"auto, (max-width: 2560px) 100vw, 2560px\" \/>\n\t\t\t<\/div><\/figure><figure class='gallery-item'>\n\t\t\t<div class='gallery-icon landscape'>\n\t\t\t\t<img loading=\"lazy\" decoding=\"async\" width=\"2560\" height=\"1440\" src=\"https:\/\/kaj.hr\/korijeni\/wp-content\/uploads\/2023\/11\/IMG_7781-scaled.jpg\" class=\"attachment-full size-full\" alt=\"\" srcset=\"https:\/\/kaj.hr\/korijeni\/wp-content\/uploads\/2023\/11\/IMG_7781-scaled.jpg 2560w, https:\/\/kaj.hr\/korijeni\/wp-content\/uploads\/2023\/11\/IMG_7781-300x169.jpg 300w, https:\/\/kaj.hr\/korijeni\/wp-content\/uploads\/2023\/11\/IMG_7781-1024x576.jpg 1024w, https:\/\/kaj.hr\/korijeni\/wp-content\/uploads\/2023\/11\/IMG_7781-768x432.jpg 768w, https:\/\/kaj.hr\/korijeni\/wp-content\/uploads\/2023\/11\/IMG_7781-1536x864.jpg 1536w, https:\/\/kaj.hr\/korijeni\/wp-content\/uploads\/2023\/11\/IMG_7781-2048x1152.jpg 2048w\" sizes=\"auto, (max-width: 2560px) 100vw, 2560px\" \/>\n\t\t\t<\/div><\/figure><figure class='gallery-item'>\n\t\t\t<div class='gallery-icon landscape'>\n\t\t\t\t<img loading=\"lazy\" decoding=\"async\" width=\"2560\" height=\"1440\" src=\"https:\/\/kaj.hr\/korijeni\/wp-content\/uploads\/2023\/11\/IMG_7803-scaled.jpg\" class=\"attachment-full size-full\" alt=\"\" srcset=\"https:\/\/kaj.hr\/korijeni\/wp-content\/uploads\/2023\/11\/IMG_7803-scaled.jpg 2560w, https:\/\/kaj.hr\/korijeni\/wp-content\/uploads\/2023\/11\/IMG_7803-300x169.jpg 300w, https:\/\/kaj.hr\/korijeni\/wp-content\/uploads\/2023\/11\/IMG_7803-1024x576.jpg 1024w, https:\/\/kaj.hr\/korijeni\/wp-content\/uploads\/2023\/11\/IMG_7803-768x432.jpg 768w, https:\/\/kaj.hr\/korijeni\/wp-content\/uploads\/2023\/11\/IMG_7803-1536x864.jpg 1536w, https:\/\/kaj.hr\/korijeni\/wp-content\/uploads\/2023\/11\/IMG_7803-2048x1152.jpg 2048w\" sizes=\"auto, (max-width: 2560px) 100vw, 2560px\" \/>\n\t\t\t<\/div><\/figure>\n\t\t<\/div>\n\n<div id=\"gallery-1\" class=\"gallery galleryid-96149 gallery-columns-1 gallery-size-full\"><\/div>\n","protected":false},"excerpt":{"rendered":"<p>ZAGREB \u2013 Pravo je djeteta da ima sretno djetinjstvo, a obveza odraslih&#8230;<\/p>\n<div class=\"more-link-wrapper\"><a class=\"more-link\" href=\"https:\/\/kaj.hr\/korijeni\/dajmo-djeci-korijene-i-krila-u-cetvrtak-16-studenog-u-djecjem-vrticu-vladimira-nazora-u-zagrebu\/\">Vi\u0161e&#8230;<span class=\"screen-reader-text\">\u201eDajmo djeci korijene i krila\u201c u \u010detvrtak, 16. studenog u Dje\u010djem vrti\u0107u Vladimira Nazora u Zagrebu<\/span><\/a><\/div>\n","protected":false},"author":1,"featured_media":1870,"comment_status":"closed","ping_status":"closed","sticky":false,"template":"","format":"standard","meta":{"footnotes":""},"categories":[2],"tags":[],"class_list":["post-1869","post","type-post","status-publish","format-standard","has-post-thumbnail","hentry","category-podjela","ratio-16-9","entry"],"yoast_head":"<!-- This site is optimized with the Yoast SEO plugin v24.4 - https:\/\/yoast.com\/wordpress\/plugins\/seo\/ -->\n<title>\u201eDajmo djeci korijene i krila\u201c u \u010detvrtak, 16. studenog u Dje\u010djem vrti\u0107u Vladimira Nazora u Zagrebu - Korijeni i krila<\/title>\n<meta name=\"robots\" content=\"index, follow, max-snippet:-1, max-image-preview:large, max-video-preview:-1\" \/>\n<link rel=\"canonical\" href=\"https:\/\/kaj.hr\/korijeni\/dajmo-djeci-korijene-i-krila-u-cetvrtak-16-studenog-u-djecjem-vrticu-vladimira-nazora-u-zagrebu\/\" \/>\n<meta property=\"og:locale\" content=\"hr_HR\" \/>\n<meta property=\"og:type\" content=\"article\" \/>\n<meta property=\"og:title\" content=\"\u201eDajmo djeci korijene i krila\u201c u \u010detvrtak, 16. studenog u Dje\u010djem vrti\u0107u Vladimira Nazora u Zagrebu - Korijeni i krila\" \/>\n<meta property=\"og:description\" content=\"ZAGREB \u2013 Pravo je djeteta da ima sretno djetinjstvo, a obveza odraslih&#8230;\" \/>\n<meta property=\"og:url\" content=\"https:\/\/kaj.hr\/korijeni\/dajmo-djeci-korijene-i-krila-u-cetvrtak-16-studenog-u-djecjem-vrticu-vladimira-nazora-u-zagrebu\/\" \/>\n<meta property=\"og:site_name\" content=\"Korijeni i krila\" \/>\n<meta property=\"article:published_time\" content=\"2023-11-16T09:44:38+00:00\" \/>\n<meta property=\"article:modified_time\" content=\"2023-11-16T10:23:12+00:00\" \/>\n<meta property=\"og:image\" content=\"https:\/\/kaj.hr\/korijeni\/wp-content\/uploads\/2023\/11\/IMG_7789-scaled.jpg\" \/>\n\t<meta property=\"og:image:width\" content=\"2560\" \/>\n\t<meta property=\"og:image:height\" content=\"1440\" \/>\n\t<meta property=\"og:image:type\" content=\"image\/jpeg\" \/>\n<meta name=\"author\" content=\"pavlekovic\" \/>\n<meta name=\"twitter:card\" content=\"summary_large_image\" \/>\n<meta name=\"twitter:label1\" content=\"Napisao\/la\" \/>\n\t<meta name=\"twitter:data1\" content=\"pavlekovic\" \/>\n\t<meta name=\"twitter:label2\" content=\"Procijenjeno vrijeme \u010ditanja\" \/>\n\t<meta name=\"twitter:data2\" content=\"1 minuta\" \/>\n<script type=\"application\/ld+json\" class=\"yoast-schema-graph\">{\"@context\":\"https:\/\/schema.org\",\"@graph\":[{\"@type\":\"WebPage\",\"@id\":\"https:\/\/kaj.hr\/korijeni\/dajmo-djeci-korijene-i-krila-u-cetvrtak-16-studenog-u-djecjem-vrticu-vladimira-nazora-u-zagrebu\/\",\"url\":\"https:\/\/kaj.hr\/korijeni\/dajmo-djeci-korijene-i-krila-u-cetvrtak-16-studenog-u-djecjem-vrticu-vladimira-nazora-u-zagrebu\/\",\"name\":\"\u201eDajmo djeci korijene i krila\u201c u \u010detvrtak, 16. studenog u Dje\u010djem vrti\u0107u Vladimira Nazora u Zagrebu - Korijeni i krila\",\"isPartOf\":{\"@id\":\"https:\/\/kaj.hr\/korijeni\/#website\"},\"primaryImageOfPage\":{\"@id\":\"https:\/\/kaj.hr\/korijeni\/dajmo-djeci-korijene-i-krila-u-cetvrtak-16-studenog-u-djecjem-vrticu-vladimira-nazora-u-zagrebu\/#primaryimage\"},\"image\":{\"@id\":\"https:\/\/kaj.hr\/korijeni\/dajmo-djeci-korijene-i-krila-u-cetvrtak-16-studenog-u-djecjem-vrticu-vladimira-nazora-u-zagrebu\/#primaryimage\"},\"thumbnailUrl\":\"https:\/\/kaj.hr\/korijeni\/wp-content\/uploads\/2023\/11\/IMG_7789-scaled.jpg\",\"datePublished\":\"2023-11-16T09:44:38+00:00\",\"dateModified\":\"2023-11-16T10:23:12+00:00\",\"author\":{\"@id\":\"https:\/\/kaj.hr\/korijeni\/#\/schema\/person\/ad224cfd5208650e1f7ab48b355dbdd4\"},\"inLanguage\":\"hr\",\"potentialAction\":[{\"@type\":\"ReadAction\",\"target\":[\"https:\/\/kaj.hr\/korijeni\/dajmo-djeci-korijene-i-krila-u-cetvrtak-16-studenog-u-djecjem-vrticu-vladimira-nazora-u-zagrebu\/\"]}]},{\"@type\":\"ImageObject\",\"inLanguage\":\"hr\",\"@id\":\"https:\/\/kaj.hr\/korijeni\/dajmo-djeci-korijene-i-krila-u-cetvrtak-16-studenog-u-djecjem-vrticu-vladimira-nazora-u-zagrebu\/#primaryimage\",\"url\":\"https:\/\/kaj.hr\/korijeni\/wp-content\/uploads\/2023\/11\/IMG_7789-scaled.jpg\",\"contentUrl\":\"https:\/\/kaj.hr\/korijeni\/wp-content\/uploads\/2023\/11\/IMG_7789-scaled.jpg\",\"width\":2560,\"height\":1440},{\"@type\":\"WebSite\",\"@id\":\"https:\/\/kaj.hr\/korijeni\/#website\",\"url\":\"https:\/\/kaj.hr\/korijeni\/\",\"name\":\"Korijeni i krila\",\"description\":\"Dajmo djeci korijene i krila  -  hrvatski odgojno-obrazovni projekt Etnografskog muzeja i Radija Kaj\",\"potentialAction\":[{\"@type\":\"SearchAction\",\"target\":{\"@type\":\"EntryPoint\",\"urlTemplate\":\"https:\/\/kaj.hr\/korijeni\/?s={search_term_string}\"},\"query-input\":{\"@type\":\"PropertyValueSpecification\",\"valueRequired\":true,\"valueName\":\"search_term_string\"}}],\"inLanguage\":\"hr\"},{\"@type\":\"Person\",\"@id\":\"https:\/\/kaj.hr\/korijeni\/#\/schema\/person\/ad224cfd5208650e1f7ab48b355dbdd4\",\"name\":\"pavlekovic\",\"url\":\"https:\/\/kaj.hr\/korijeni\/author\/pavlekovic\/\"}]}<\/script>\n<!-- \/ Yoast SEO plugin. -->","yoast_head_json":{"title":"\u201eDajmo djeci korijene i krila\u201c u \u010detvrtak, 16. studenog u Dje\u010djem vrti\u0107u Vladimira Nazora u Zagrebu - Korijeni i krila","robots":{"index":"index","follow":"follow","max-snippet":"max-snippet:-1","max-image-preview":"max-image-preview:large","max-video-preview":"max-video-preview:-1"},"canonical":"https:\/\/kaj.hr\/korijeni\/dajmo-djeci-korijene-i-krila-u-cetvrtak-16-studenog-u-djecjem-vrticu-vladimira-nazora-u-zagrebu\/","og_locale":"hr_HR","og_type":"article","og_title":"\u201eDajmo djeci korijene i krila\u201c u \u010detvrtak, 16. studenog u Dje\u010djem vrti\u0107u Vladimira Nazora u Zagrebu - Korijeni i krila","og_description":"ZAGREB \u2013 Pravo je djeteta da ima sretno djetinjstvo, a obveza odraslih&#8230;","og_url":"https:\/\/kaj.hr\/korijeni\/dajmo-djeci-korijene-i-krila-u-cetvrtak-16-studenog-u-djecjem-vrticu-vladimira-nazora-u-zagrebu\/","og_site_name":"Korijeni i krila","article_published_time":"2023-11-16T09:44:38+00:00","article_modified_time":"2023-11-16T10:23:12+00:00","og_image":[{"width":2560,"height":1440,"url":"https:\/\/kaj.hr\/korijeni\/wp-content\/uploads\/2023\/11\/IMG_7789-scaled.jpg","type":"image\/jpeg"}],"author":"pavlekovic","twitter_card":"summary_large_image","twitter_misc":{"Napisao\/la":"pavlekovic","Procijenjeno vrijeme \u010ditanja":"1 minuta"},"schema":{"@context":"https:\/\/schema.org","@graph":[{"@type":"WebPage","@id":"https:\/\/kaj.hr\/korijeni\/dajmo-djeci-korijene-i-krila-u-cetvrtak-16-studenog-u-djecjem-vrticu-vladimira-nazora-u-zagrebu\/","url":"https:\/\/kaj.hr\/korijeni\/dajmo-djeci-korijene-i-krila-u-cetvrtak-16-studenog-u-djecjem-vrticu-vladimira-nazora-u-zagrebu\/","name":"\u201eDajmo djeci korijene i krila\u201c u \u010detvrtak, 16. studenog u Dje\u010djem vrti\u0107u Vladimira Nazora u Zagrebu - Korijeni i krila","isPartOf":{"@id":"https:\/\/kaj.hr\/korijeni\/#website"},"primaryImageOfPage":{"@id":"https:\/\/kaj.hr\/korijeni\/dajmo-djeci-korijene-i-krila-u-cetvrtak-16-studenog-u-djecjem-vrticu-vladimira-nazora-u-zagrebu\/#primaryimage"},"image":{"@id":"https:\/\/kaj.hr\/korijeni\/dajmo-djeci-korijene-i-krila-u-cetvrtak-16-studenog-u-djecjem-vrticu-vladimira-nazora-u-zagrebu\/#primaryimage"},"thumbnailUrl":"https:\/\/kaj.hr\/korijeni\/wp-content\/uploads\/2023\/11\/IMG_7789-scaled.jpg","datePublished":"2023-11-16T09:44:38+00:00","dateModified":"2023-11-16T10:23:12+00:00","author":{"@id":"https:\/\/kaj.hr\/korijeni\/#\/schema\/person\/ad224cfd5208650e1f7ab48b355dbdd4"},"inLanguage":"hr","potentialAction":[{"@type":"ReadAction","target":["https:\/\/kaj.hr\/korijeni\/dajmo-djeci-korijene-i-krila-u-cetvrtak-16-studenog-u-djecjem-vrticu-vladimira-nazora-u-zagrebu\/"]}]},{"@type":"ImageObject","inLanguage":"hr","@id":"https:\/\/kaj.hr\/korijeni\/dajmo-djeci-korijene-i-krila-u-cetvrtak-16-studenog-u-djecjem-vrticu-vladimira-nazora-u-zagrebu\/#primaryimage","url":"https:\/\/kaj.hr\/korijeni\/wp-content\/uploads\/2023\/11\/IMG_7789-scaled.jpg","contentUrl":"https:\/\/kaj.hr\/korijeni\/wp-content\/uploads\/2023\/11\/IMG_7789-scaled.jpg","width":2560,"height":1440},{"@type":"WebSite","@id":"https:\/\/kaj.hr\/korijeni\/#website","url":"https:\/\/kaj.hr\/korijeni\/","name":"Korijeni i krila","description":"Dajmo djeci korijene i krila  -  hrvatski odgojno-obrazovni projekt Etnografskog muzeja i Radija Kaj","potentialAction":[{"@type":"SearchAction","target":{"@type":"EntryPoint","urlTemplate":"https:\/\/kaj.hr\/korijeni\/?s={search_term_string}"},"query-input":{"@type":"PropertyValueSpecification","valueRequired":true,"valueName":"search_term_string"}}],"inLanguage":"hr"},{"@type":"Person","@id":"https:\/\/kaj.hr\/korijeni\/#\/schema\/person\/ad224cfd5208650e1f7ab48b355dbdd4","name":"pavlekovic","url":"https:\/\/kaj.hr\/korijeni\/author\/pavlekovic\/"}]}},"_links":{"self":[{"href":"https:\/\/kaj.hr\/korijeni\/wp-json\/wp\/v2\/posts\/1869","targetHints":{"allow":["GET"]}}],"collection":[{"href":"https:\/\/kaj.hr\/korijeni\/wp-json\/wp\/v2\/posts"}],"about":[{"href":"https:\/\/kaj.hr\/korijeni\/wp-json\/wp\/v2\/types\/post"}],"author":[{"embeddable":true,"href":"https:\/\/kaj.hr\/korijeni\/wp-json\/wp\/v2\/users\/1"}],"replies":[{"embeddable":true,"href":"https:\/\/kaj.hr\/korijeni\/wp-json\/wp\/v2\/comments?post=1869"}],"version-history":[{"count":2,"href":"https:\/\/kaj.hr\/korijeni\/wp-json\/wp\/v2\/posts\/1869\/revisions"}],"predecessor-version":[{"id":1875,"href":"https:\/\/kaj.hr\/korijeni\/wp-json\/wp\/v2\/posts\/1869\/revisions\/1875"}],"wp:featuredmedia":[{"embeddable":true,"href":"https:\/\/kaj.hr\/korijeni\/wp-json\/wp\/v2\/media\/1870"}],"wp:attachment":[{"href":"https:\/\/kaj.hr\/korijeni\/wp-json\/wp\/v2\/media?parent=1869"}],"wp:term":[{"taxonomy":"category","embeddable":true,"href":"https:\/\/kaj.hr\/korijeni\/wp-json\/wp\/v2\/categories?post=1869"},{"taxonomy":"post_tag","embeddable":true,"href":"https:\/\/kaj.hr\/korijeni\/wp-json\/wp\/v2\/tags?post=1869"}],"curies":[{"name":"wp","href":"https:\/\/api.w.org\/{rel}","templated":true}]}}