{"id":1800,"date":"2022-07-08T15:31:56","date_gmt":"2022-07-08T13:31:56","guid":{"rendered":"https:\/\/korijeni.hr\/?p=1800"},"modified":"2022-07-08T15:31:56","modified_gmt":"2022-07-08T13:31:56","slug":"tradicijske-igracke-najmladima-u-jarmini","status":"publish","type":"post","link":"https:\/\/kaj.hr\/korijeni\/tradicijske-igracke-najmladima-u-jarmini\/","title":{"rendered":"Tradicijske igra\u010dke najmla\u0111ima u Jarmini"},"content":{"rendered":"<p><img loading=\"lazy\" decoding=\"async\" class=\"aligncenter size-full wp-image-1809\" src=\"https:\/\/kaj.hr\/korijeni\/wp-content\/uploads\/2022\/07\/dv-jarmina-220708web.png\" alt=\"\" width=\"1000\" height=\"104\" srcset=\"https:\/\/kaj.hr\/korijeni\/wp-content\/uploads\/2022\/07\/dv-jarmina-220708web.png 1000w, https:\/\/kaj.hr\/korijeni\/wp-content\/uploads\/2022\/07\/dv-jarmina-220708web-300x31.png 300w, https:\/\/kaj.hr\/korijeni\/wp-content\/uploads\/2022\/07\/dv-jarmina-220708web-768x80.png 768w\" sizes=\"auto, (max-width: 1000px) 100vw, 1000px\" \/><\/p>\n<p>Projekt Dajmo djeci korijene i krila, Radija Kaj i Etnografskog muzeja u Zagrebu, nastavljen je u petak, 8. srpnja 2022. godine, u Jarmini, u tamo\u0161njem Dje\u010djem vrti\u0107u. Ovaj vi\u0161egodi\u0161nji hrvatski odgojno-obrazovni projekt razveseljava djecu diljem Hrvatske, a Dje\u010dji vrti\u0107 Jarmina 123. je vrti\u0107 u Hrvatskoj u koji je stigao projekt. Polaznici Dje\u010djeg vrti\u0107a Jarmina pripremili su prigodni program, a na bogatoj kutiji tradicijskih drvenih igra\u010daka, proizvedenih u Mariji Bistrici, koje su na UNESCO-voj listi za\u0161ti\u0107ene nematerijalne kulturne ba\u0161tine, zahvalila je ravnateljica DV Jarmina Ivona \u0160lopar. Pri\u010du o projektu Dajmo djeci korijene i krila ispri\u010dala je autorica projekta Mirjana Drobina iz Etnografskog muzeja u Zagrebu, a na poklonu je zahvalio i na\u010delnik Op\u0107ine Jarmina Goran Ilekovi\u0107. Podjelu igra\u010daka u Dje\u010djem vrti\u0107u Jarmina omogu\u0107ila je Krapinsko-zagorska \u017eupanija, u sklopu programa Zagorje Jarmini, a \u017eupan \u017deljko Kolar naglasio je kako se ovime jo\u0161 vi\u0161e potvrdila dodatna suradnja Krapinsko-zagorske \u017eupanije i Op\u0107ine Jarmina, gdje su mnogi Zagorci doselili prije vi\u0161e desetlje\u0107a. Uz \u017eupana Krapinsko-zagorske \u017eupanije \u017deljka Kolara i na\u010delnika Op\u0107ine Jarmina Gorana Ilekovi\u0107a, paket tradicijskih drvenih igra\u010daka ravnateljici Dje\u010djeg vrti\u0107a Jarmina Ivoni \u0160lopar uru\u010dili su i autorica projekta Mirjana Drobina i direktor Radija Kaj Drago Grade\u010dak. Mali\u0161ani su na kraju u\u017eivali i u predstavi Vilko i Dlakavi \u010dovjek Laboratorija zabave.<\/p>\n<div id='gallery-1' class='gallery galleryid-1800 gallery-columns-1 gallery-size-full'><figure class='gallery-item'>\n\t\t\t<div class='gallery-icon landscape'>\n\t\t\t\t<img loading=\"lazy\" decoding=\"async\" width=\"1120\" height=\"630\" src=\"https:\/\/kaj.hr\/korijeni\/wp-content\/uploads\/2022\/07\/DV-Jarmina7.jpg\" class=\"attachment-full size-full\" alt=\"\" srcset=\"https:\/\/kaj.hr\/korijeni\/wp-content\/uploads\/2022\/07\/DV-Jarmina7.jpg 1120w, https:\/\/kaj.hr\/korijeni\/wp-content\/uploads\/2022\/07\/DV-Jarmina7-300x169.jpg 300w, https:\/\/kaj.hr\/korijeni\/wp-content\/uploads\/2022\/07\/DV-Jarmina7-1024x576.jpg 1024w, https:\/\/kaj.hr\/korijeni\/wp-content\/uploads\/2022\/07\/DV-Jarmina7-768x432.jpg 768w\" sizes=\"auto, (max-width: 1120px) 100vw, 1120px\" \/>\n\t\t\t<\/div><\/figure><figure class='gallery-item'>\n\t\t\t<div class='gallery-icon landscape'>\n\t\t\t\t<img loading=\"lazy\" decoding=\"async\" width=\"1414\" height=\"795\" src=\"https:\/\/kaj.hr\/korijeni\/wp-content\/uploads\/2022\/07\/DV-Jarmina3.jpg\" class=\"attachment-full size-full\" alt=\"\" srcset=\"https:\/\/kaj.hr\/korijeni\/wp-content\/uploads\/2022\/07\/DV-Jarmina3.jpg 1414w, https:\/\/kaj.hr\/korijeni\/wp-content\/uploads\/2022\/07\/DV-Jarmina3-300x169.jpg 300w, https:\/\/kaj.hr\/korijeni\/wp-content\/uploads\/2022\/07\/DV-Jarmina3-1024x576.jpg 1024w, https:\/\/kaj.hr\/korijeni\/wp-content\/uploads\/2022\/07\/DV-Jarmina3-768x432.jpg 768w\" sizes=\"auto, (max-width: 1414px) 100vw, 1414px\" \/>\n\t\t\t<\/div><\/figure><figure class='gallery-item'>\n\t\t\t<div class='gallery-icon landscape'>\n\t\t\t\t<img loading=\"lazy\" decoding=\"async\" width=\"1305\" height=\"734\" src=\"https:\/\/kaj.hr\/korijeni\/wp-content\/uploads\/2022\/07\/DV-Jarmina2.jpg\" class=\"attachment-full size-full\" alt=\"\" srcset=\"https:\/\/kaj.hr\/korijeni\/wp-content\/uploads\/2022\/07\/DV-Jarmina2.jpg 1305w, https:\/\/kaj.hr\/korijeni\/wp-content\/uploads\/2022\/07\/DV-Jarmina2-300x169.jpg 300w, https:\/\/kaj.hr\/korijeni\/wp-content\/uploads\/2022\/07\/DV-Jarmina2-1024x576.jpg 1024w, https:\/\/kaj.hr\/korijeni\/wp-content\/uploads\/2022\/07\/DV-Jarmina2-768x432.jpg 768w\" sizes=\"auto, (max-width: 1305px) 100vw, 1305px\" \/>\n\t\t\t<\/div><\/figure><figure class='gallery-item'>\n\t\t\t<div class='gallery-icon landscape'>\n\t\t\t\t<img loading=\"lazy\" decoding=\"async\" width=\"1480\" height=\"833\" src=\"https:\/\/kaj.hr\/korijeni\/wp-content\/uploads\/2022\/07\/DV-Jarmina5.jpg\" class=\"attachment-full size-full\" alt=\"\" srcset=\"https:\/\/kaj.hr\/korijeni\/wp-content\/uploads\/2022\/07\/DV-Jarmina5.jpg 1480w, https:\/\/kaj.hr\/korijeni\/wp-content\/uploads\/2022\/07\/DV-Jarmina5-300x169.jpg 300w, https:\/\/kaj.hr\/korijeni\/wp-content\/uploads\/2022\/07\/DV-Jarmina5-1024x576.jpg 1024w, https:\/\/kaj.hr\/korijeni\/wp-content\/uploads\/2022\/07\/DV-Jarmina5-768x432.jpg 768w\" sizes=\"auto, (max-width: 1480px) 100vw, 1480px\" \/>\n\t\t\t<\/div><\/figure><figure class='gallery-item'>\n\t\t\t<div class='gallery-icon landscape'>\n\t\t\t\t<img loading=\"lazy\" decoding=\"async\" width=\"1043\" height=\"587\" src=\"https:\/\/kaj.hr\/korijeni\/wp-content\/uploads\/2022\/07\/DV-Jarmina6.jpg\" class=\"attachment-full size-full\" alt=\"\" srcset=\"https:\/\/kaj.hr\/korijeni\/wp-content\/uploads\/2022\/07\/DV-Jarmina6.jpg 1043w, https:\/\/kaj.hr\/korijeni\/wp-content\/uploads\/2022\/07\/DV-Jarmina6-300x169.jpg 300w, https:\/\/kaj.hr\/korijeni\/wp-content\/uploads\/2022\/07\/DV-Jarmina6-1024x576.jpg 1024w, https:\/\/kaj.hr\/korijeni\/wp-content\/uploads\/2022\/07\/DV-Jarmina6-768x432.jpg 768w\" sizes=\"auto, (max-width: 1043px) 100vw, 1043px\" \/>\n\t\t\t<\/div><\/figure><figure class='gallery-item'>\n\t\t\t<div class='gallery-icon landscape'>\n\t\t\t\t<img loading=\"lazy\" decoding=\"async\" width=\"1354\" height=\"761\" src=\"https:\/\/kaj.hr\/korijeni\/wp-content\/uploads\/2022\/07\/DV-Jarmina4.jpg\" class=\"attachment-full size-full\" alt=\"\" srcset=\"https:\/\/kaj.hr\/korijeni\/wp-content\/uploads\/2022\/07\/DV-Jarmina4.jpg 1354w, https:\/\/kaj.hr\/korijeni\/wp-content\/uploads\/2022\/07\/DV-Jarmina4-300x169.jpg 300w, https:\/\/kaj.hr\/korijeni\/wp-content\/uploads\/2022\/07\/DV-Jarmina4-1024x576.jpg 1024w, https:\/\/kaj.hr\/korijeni\/wp-content\/uploads\/2022\/07\/DV-Jarmina4-768x432.jpg 768w\" sizes=\"auto, (max-width: 1354px) 100vw, 1354px\" \/>\n\t\t\t<\/div><\/figure><figure class='gallery-item'>\n\t\t\t<div class='gallery-icon landscape'>\n\t\t\t\t<img loading=\"lazy\" decoding=\"async\" width=\"1600\" height=\"900\" src=\"https:\/\/kaj.hr\/korijeni\/wp-content\/uploads\/2022\/07\/DV-Jarmina8.jpg\" class=\"attachment-full size-full\" alt=\"\" srcset=\"https:\/\/kaj.hr\/korijeni\/wp-content\/uploads\/2022\/07\/DV-Jarmina8.jpg 1600w, https:\/\/kaj.hr\/korijeni\/wp-content\/uploads\/2022\/07\/DV-Jarmina8-300x169.jpg 300w, https:\/\/kaj.hr\/korijeni\/wp-content\/uploads\/2022\/07\/DV-Jarmina8-1024x576.jpg 1024w, https:\/\/kaj.hr\/korijeni\/wp-content\/uploads\/2022\/07\/DV-Jarmina8-768x432.jpg 768w, https:\/\/kaj.hr\/korijeni\/wp-content\/uploads\/2022\/07\/DV-Jarmina8-1536x864.jpg 1536w\" sizes=\"auto, (max-width: 1600px) 100vw, 1600px\" \/>\n\t\t\t<\/div><\/figure>\n\t\t<\/div>\n\n","protected":false},"excerpt":{"rendered":"<p>Projekt Dajmo djeci korijene i krila, Radija Kaj i Etnografskog muzeja u&#8230;<\/p>\n<div class=\"more-link-wrapper\"><a class=\"more-link\" href=\"https:\/\/kaj.hr\/korijeni\/tradicijske-igracke-najmladima-u-jarmini\/\">Vi\u0161e&#8230;<span class=\"screen-reader-text\">Tradicijske igra\u010dke najmla\u0111ima u Jarmini<\/span><\/a><\/div>\n","protected":false},"author":4,"featured_media":1801,"comment_status":"closed","ping_status":"closed","sticky":false,"template":"","format":"standard","meta":{"footnotes":""},"categories":[2],"tags":[],"class_list":["post-1800","post","type-post","status-publish","format-standard","has-post-thumbnail","hentry","category-podjela","ratio-16-9","entry"],"yoast_head":"<!-- This site is optimized with the Yoast SEO plugin v24.4 - https:\/\/yoast.com\/wordpress\/plugins\/seo\/ -->\n<title>Tradicijske igra\u010dke najmla\u0111ima u Jarmini - Korijeni i krila<\/title>\n<meta name=\"robots\" content=\"index, follow, max-snippet:-1, max-image-preview:large, max-video-preview:-1\" \/>\n<link rel=\"canonical\" href=\"https:\/\/kaj.hr\/korijeni\/tradicijske-igracke-najmladima-u-jarmini\/\" \/>\n<meta property=\"og:locale\" content=\"hr_HR\" \/>\n<meta property=\"og:type\" content=\"article\" \/>\n<meta property=\"og:title\" content=\"Tradicijske igra\u010dke najmla\u0111ima u Jarmini - Korijeni i krila\" \/>\n<meta property=\"og:description\" content=\"Projekt Dajmo djeci korijene i krila, Radija Kaj i Etnografskog muzeja u&#8230;\" \/>\n<meta property=\"og:url\" content=\"https:\/\/kaj.hr\/korijeni\/tradicijske-igracke-najmladima-u-jarmini\/\" \/>\n<meta property=\"og:site_name\" content=\"Korijeni i krila\" \/>\n<meta property=\"article:published_time\" content=\"2022-07-08T13:31:56+00:00\" \/>\n<meta property=\"og:image\" content=\"https:\/\/kaj.hr\/korijeni\/wp-content\/uploads\/2022\/07\/DV-Jarmina1.jpg\" \/>\n\t<meta property=\"og:image:width\" content=\"1298\" \/>\n\t<meta property=\"og:image:height\" content=\"730\" \/>\n\t<meta property=\"og:image:type\" content=\"image\/jpeg\" \/>\n<meta name=\"author\" content=\"Drago Grade\u010dak\" \/>\n<meta name=\"twitter:card\" content=\"summary_large_image\" \/>\n<meta name=\"twitter:label1\" content=\"Napisao\/la\" \/>\n\t<meta name=\"twitter:data1\" content=\"Drago Grade\u010dak\" \/>\n\t<meta name=\"twitter:label2\" content=\"Procijenjeno vrijeme \u010ditanja\" \/>\n\t<meta name=\"twitter:data2\" content=\"1 minuta\" \/>\n<script type=\"application\/ld+json\" class=\"yoast-schema-graph\">{\"@context\":\"https:\/\/schema.org\",\"@graph\":[{\"@type\":\"WebPage\",\"@id\":\"https:\/\/kaj.hr\/korijeni\/tradicijske-igracke-najmladima-u-jarmini\/\",\"url\":\"https:\/\/kaj.hr\/korijeni\/tradicijske-igracke-najmladima-u-jarmini\/\",\"name\":\"Tradicijske igra\u010dke najmla\u0111ima u Jarmini - Korijeni i krila\",\"isPartOf\":{\"@id\":\"https:\/\/kaj.hr\/korijeni\/#website\"},\"primaryImageOfPage\":{\"@id\":\"https:\/\/kaj.hr\/korijeni\/tradicijske-igracke-najmladima-u-jarmini\/#primaryimage\"},\"image\":{\"@id\":\"https:\/\/kaj.hr\/korijeni\/tradicijske-igracke-najmladima-u-jarmini\/#primaryimage\"},\"thumbnailUrl\":\"https:\/\/kaj.hr\/korijeni\/wp-content\/uploads\/2022\/07\/DV-Jarmina1.jpg\",\"datePublished\":\"2022-07-08T13:31:56+00:00\",\"author\":{\"@id\":\"https:\/\/kaj.hr\/korijeni\/#\/schema\/person\/a4fc9e12dbf8d854c1caf3dbc50753f7\"},\"inLanguage\":\"hr\",\"potentialAction\":[{\"@type\":\"ReadAction\",\"target\":[\"https:\/\/kaj.hr\/korijeni\/tradicijske-igracke-najmladima-u-jarmini\/\"]}]},{\"@type\":\"ImageObject\",\"inLanguage\":\"hr\",\"@id\":\"https:\/\/kaj.hr\/korijeni\/tradicijske-igracke-najmladima-u-jarmini\/#primaryimage\",\"url\":\"https:\/\/kaj.hr\/korijeni\/wp-content\/uploads\/2022\/07\/DV-Jarmina1.jpg\",\"contentUrl\":\"https:\/\/kaj.hr\/korijeni\/wp-content\/uploads\/2022\/07\/DV-Jarmina1.jpg\",\"width\":1298,\"height\":730},{\"@type\":\"WebSite\",\"@id\":\"https:\/\/kaj.hr\/korijeni\/#website\",\"url\":\"https:\/\/kaj.hr\/korijeni\/\",\"name\":\"Korijeni i krila\",\"description\":\"Dajmo djeci korijene i krila  -  hrvatski odgojno-obrazovni projekt Etnografskog muzeja i Radija Kaj\",\"potentialAction\":[{\"@type\":\"SearchAction\",\"target\":{\"@type\":\"EntryPoint\",\"urlTemplate\":\"https:\/\/kaj.hr\/korijeni\/?s={search_term_string}\"},\"query-input\":{\"@type\":\"PropertyValueSpecification\",\"valueRequired\":true,\"valueName\":\"search_term_string\"}}],\"inLanguage\":\"hr\"},{\"@type\":\"Person\",\"@id\":\"https:\/\/kaj.hr\/korijeni\/#\/schema\/person\/a4fc9e12dbf8d854c1caf3dbc50753f7\",\"name\":\"Drago Grade\u010dak\",\"sameAs\":[\"http:\/\/www.korijeni.hr\"],\"url\":\"https:\/\/kaj.hr\/korijeni\/author\/korijeni\/\"}]}<\/script>\n<!-- \/ Yoast SEO plugin. -->","yoast_head_json":{"title":"Tradicijske igra\u010dke najmla\u0111ima u Jarmini - Korijeni i krila","robots":{"index":"index","follow":"follow","max-snippet":"max-snippet:-1","max-image-preview":"max-image-preview:large","max-video-preview":"max-video-preview:-1"},"canonical":"https:\/\/kaj.hr\/korijeni\/tradicijske-igracke-najmladima-u-jarmini\/","og_locale":"hr_HR","og_type":"article","og_title":"Tradicijske igra\u010dke najmla\u0111ima u Jarmini - Korijeni i krila","og_description":"Projekt Dajmo djeci korijene i krila, Radija Kaj i Etnografskog muzeja u&#8230;","og_url":"https:\/\/kaj.hr\/korijeni\/tradicijske-igracke-najmladima-u-jarmini\/","og_site_name":"Korijeni i krila","article_published_time":"2022-07-08T13:31:56+00:00","og_image":[{"width":1298,"height":730,"url":"https:\/\/kaj.hr\/korijeni\/wp-content\/uploads\/2022\/07\/DV-Jarmina1.jpg","type":"image\/jpeg"}],"author":"Drago Grade\u010dak","twitter_card":"summary_large_image","twitter_misc":{"Napisao\/la":"Drago Grade\u010dak","Procijenjeno vrijeme \u010ditanja":"1 minuta"},"schema":{"@context":"https:\/\/schema.org","@graph":[{"@type":"WebPage","@id":"https:\/\/kaj.hr\/korijeni\/tradicijske-igracke-najmladima-u-jarmini\/","url":"https:\/\/kaj.hr\/korijeni\/tradicijske-igracke-najmladima-u-jarmini\/","name":"Tradicijske igra\u010dke najmla\u0111ima u Jarmini - Korijeni i krila","isPartOf":{"@id":"https:\/\/kaj.hr\/korijeni\/#website"},"primaryImageOfPage":{"@id":"https:\/\/kaj.hr\/korijeni\/tradicijske-igracke-najmladima-u-jarmini\/#primaryimage"},"image":{"@id":"https:\/\/kaj.hr\/korijeni\/tradicijske-igracke-najmladima-u-jarmini\/#primaryimage"},"thumbnailUrl":"https:\/\/kaj.hr\/korijeni\/wp-content\/uploads\/2022\/07\/DV-Jarmina1.jpg","datePublished":"2022-07-08T13:31:56+00:00","author":{"@id":"https:\/\/kaj.hr\/korijeni\/#\/schema\/person\/a4fc9e12dbf8d854c1caf3dbc50753f7"},"inLanguage":"hr","potentialAction":[{"@type":"ReadAction","target":["https:\/\/kaj.hr\/korijeni\/tradicijske-igracke-najmladima-u-jarmini\/"]}]},{"@type":"ImageObject","inLanguage":"hr","@id":"https:\/\/kaj.hr\/korijeni\/tradicijske-igracke-najmladima-u-jarmini\/#primaryimage","url":"https:\/\/kaj.hr\/korijeni\/wp-content\/uploads\/2022\/07\/DV-Jarmina1.jpg","contentUrl":"https:\/\/kaj.hr\/korijeni\/wp-content\/uploads\/2022\/07\/DV-Jarmina1.jpg","width":1298,"height":730},{"@type":"WebSite","@id":"https:\/\/kaj.hr\/korijeni\/#website","url":"https:\/\/kaj.hr\/korijeni\/","name":"Korijeni i krila","description":"Dajmo djeci korijene i krila  -  hrvatski odgojno-obrazovni projekt Etnografskog muzeja i Radija Kaj","potentialAction":[{"@type":"SearchAction","target":{"@type":"EntryPoint","urlTemplate":"https:\/\/kaj.hr\/korijeni\/?s={search_term_string}"},"query-input":{"@type":"PropertyValueSpecification","valueRequired":true,"valueName":"search_term_string"}}],"inLanguage":"hr"},{"@type":"Person","@id":"https:\/\/kaj.hr\/korijeni\/#\/schema\/person\/a4fc9e12dbf8d854c1caf3dbc50753f7","name":"Drago Grade\u010dak","sameAs":["http:\/\/www.korijeni.hr"],"url":"https:\/\/kaj.hr\/korijeni\/author\/korijeni\/"}]}},"_links":{"self":[{"href":"https:\/\/kaj.hr\/korijeni\/wp-json\/wp\/v2\/posts\/1800","targetHints":{"allow":["GET"]}}],"collection":[{"href":"https:\/\/kaj.hr\/korijeni\/wp-json\/wp\/v2\/posts"}],"about":[{"href":"https:\/\/kaj.hr\/korijeni\/wp-json\/wp\/v2\/types\/post"}],"author":[{"embeddable":true,"href":"https:\/\/kaj.hr\/korijeni\/wp-json\/wp\/v2\/users\/4"}],"replies":[{"embeddable":true,"href":"https:\/\/kaj.hr\/korijeni\/wp-json\/wp\/v2\/comments?post=1800"}],"version-history":[{"count":1,"href":"https:\/\/kaj.hr\/korijeni\/wp-json\/wp\/v2\/posts\/1800\/revisions"}],"predecessor-version":[{"id":1810,"href":"https:\/\/kaj.hr\/korijeni\/wp-json\/wp\/v2\/posts\/1800\/revisions\/1810"}],"wp:featuredmedia":[{"embeddable":true,"href":"https:\/\/kaj.hr\/korijeni\/wp-json\/wp\/v2\/media\/1801"}],"wp:attachment":[{"href":"https:\/\/kaj.hr\/korijeni\/wp-json\/wp\/v2\/media?parent=1800"}],"wp:term":[{"taxonomy":"category","embeddable":true,"href":"https:\/\/kaj.hr\/korijeni\/wp-json\/wp\/v2\/categories?post=1800"},{"taxonomy":"post_tag","embeddable":true,"href":"https:\/\/kaj.hr\/korijeni\/wp-json\/wp\/v2\/tags?post=1800"}],"curies":[{"name":"wp","href":"https:\/\/api.w.org\/{rel}","templated":true}]}}