{"id":170,"date":"2018-06-04T13:20:48","date_gmt":"2018-06-04T13:20:48","guid":{"rendered":"https:\/\/korijeni.hr\/?p=170"},"modified":"2019-03-14T13:22:56","modified_gmt":"2019-03-14T13:22:56","slug":"korijeni-i-krila-u-puli","status":"publish","type":"post","link":"https:\/\/kaj.hr\/korijeni\/korijeni-i-krila-u-puli\/","title":{"rendered":"Korijeni i krila u Puli"},"content":{"rendered":"<p>Projekt Etnografskog muzeja i Radija Kaj \u201eDajmo djeci korijene i krila\u201c odr\u017ean je danas, 04. lipnja 2018. godine u 11,30 sati na prostoru Pulskog Foruma. Tradicijske drvene igra\u010dke i prigodnu predstavu najmla\u0111ima iz pulskih dje\u010djih vrti\u0107a Mali svijet i Pula, u nazo\u010dnosti\u00a0ravnateljica Marize Kova\u010devi\u0107 i Sanje Suboti\u0107, autorice projekta iz Etnografskog muzeja Mirjane Drobine te zamjenice gradona\u010delnika Pule Elene Puh Belci poklonio je, \u017eupan Krapinsko-zagorske \u017eupanije \u017deljko Kolar. Projekt Dajmo djeci korijene i krila podr\u017eavaju Ministarstvo kulture Republike Hrvatske, Janaf i Narodne novine, koji su kao i svaki put do sada, male vrti\u0107arce razveselili bogatim poklon paketima crta\u0107eg pribora, a organizirana je i prigodna predstava. Zahvaljuju\u0107i projektu Dajmo djeci korijene i krila, djeca se u vrti\u0107ima upoznaju s dijelom hrvatske kulturne ba\u0161tine i hrvatskim tradicijskim vrijednostima, a igra\u010dke je UNESCO uvrstio na reprezentativnu listu za\u0161ti\u0107ene kulturne ba\u0161tine.<\/p>\n<div id='gallery-1' class='gallery galleryid-170 gallery-columns-1 gallery-size-full'><figure class='gallery-item'>\n\t\t\t<div class='gallery-icon landscape'>\n\t\t\t\t<img loading=\"lazy\" decoding=\"async\" width=\"1000\" height=\"750\" src=\"https:\/\/kaj.hr\/korijeni\/wp-content\/uploads\/2018\/06\/IMG_3389.jpg\" class=\"attachment-full size-full\" alt=\"\" srcset=\"https:\/\/kaj.hr\/korijeni\/wp-content\/uploads\/2018\/06\/IMG_3389.jpg 1000w, https:\/\/kaj.hr\/korijeni\/wp-content\/uploads\/2018\/06\/IMG_3389-300x225.jpg 300w, https:\/\/kaj.hr\/korijeni\/wp-content\/uploads\/2018\/06\/IMG_3389-768x576.jpg 768w\" sizes=\"auto, (max-width: 1000px) 100vw, 1000px\" \/>\n\t\t\t<\/div><\/figure><figure class='gallery-item'>\n\t\t\t<div class='gallery-icon landscape'>\n\t\t\t\t<img loading=\"lazy\" decoding=\"async\" width=\"1000\" height=\"750\" src=\"https:\/\/kaj.hr\/korijeni\/wp-content\/uploads\/2018\/06\/IMG_3392.jpg\" class=\"attachment-full size-full\" alt=\"\" srcset=\"https:\/\/kaj.hr\/korijeni\/wp-content\/uploads\/2018\/06\/IMG_3392.jpg 1000w, https:\/\/kaj.hr\/korijeni\/wp-content\/uploads\/2018\/06\/IMG_3392-300x225.jpg 300w, https:\/\/kaj.hr\/korijeni\/wp-content\/uploads\/2018\/06\/IMG_3392-768x576.jpg 768w\" sizes=\"auto, (max-width: 1000px) 100vw, 1000px\" \/>\n\t\t\t<\/div><\/figure><figure class='gallery-item'>\n\t\t\t<div class='gallery-icon landscape'>\n\t\t\t\t<img loading=\"lazy\" decoding=\"async\" width=\"1000\" height=\"750\" src=\"https:\/\/kaj.hr\/korijeni\/wp-content\/uploads\/2018\/06\/IMG_3396.jpg\" class=\"attachment-full size-full\" alt=\"\" srcset=\"https:\/\/kaj.hr\/korijeni\/wp-content\/uploads\/2018\/06\/IMG_3396.jpg 1000w, https:\/\/kaj.hr\/korijeni\/wp-content\/uploads\/2018\/06\/IMG_3396-300x225.jpg 300w, https:\/\/kaj.hr\/korijeni\/wp-content\/uploads\/2018\/06\/IMG_3396-768x576.jpg 768w\" sizes=\"auto, (max-width: 1000px) 100vw, 1000px\" \/>\n\t\t\t<\/div><\/figure><figure class='gallery-item'>\n\t\t\t<div class='gallery-icon landscape'>\n\t\t\t\t<img loading=\"lazy\" decoding=\"async\" width=\"1000\" height=\"750\" src=\"https:\/\/kaj.hr\/korijeni\/wp-content\/uploads\/2018\/06\/IMG_3397.jpg\" class=\"attachment-full size-full\" alt=\"\" srcset=\"https:\/\/kaj.hr\/korijeni\/wp-content\/uploads\/2018\/06\/IMG_3397.jpg 1000w, https:\/\/kaj.hr\/korijeni\/wp-content\/uploads\/2018\/06\/IMG_3397-300x225.jpg 300w, https:\/\/kaj.hr\/korijeni\/wp-content\/uploads\/2018\/06\/IMG_3397-768x576.jpg 768w\" sizes=\"auto, (max-width: 1000px) 100vw, 1000px\" \/>\n\t\t\t<\/div><\/figure><figure class='gallery-item'>\n\t\t\t<div class='gallery-icon landscape'>\n\t\t\t\t<img loading=\"lazy\" decoding=\"async\" width=\"1000\" height=\"750\" src=\"https:\/\/kaj.hr\/korijeni\/wp-content\/uploads\/2018\/06\/IMG_3403.jpg\" class=\"attachment-full size-full\" alt=\"\" srcset=\"https:\/\/kaj.hr\/korijeni\/wp-content\/uploads\/2018\/06\/IMG_3403.jpg 1000w, https:\/\/kaj.hr\/korijeni\/wp-content\/uploads\/2018\/06\/IMG_3403-300x225.jpg 300w, https:\/\/kaj.hr\/korijeni\/wp-content\/uploads\/2018\/06\/IMG_3403-768x576.jpg 768w\" sizes=\"auto, (max-width: 1000px) 100vw, 1000px\" \/>\n\t\t\t<\/div><\/figure><figure class='gallery-item'>\n\t\t\t<div class='gallery-icon portrait'>\n\t\t\t\t<img loading=\"lazy\" decoding=\"async\" width=\"966\" height=\"1000\" src=\"https:\/\/kaj.hr\/korijeni\/wp-content\/uploads\/2018\/06\/IMG_20180604_150306.jpg\" class=\"attachment-full size-full\" alt=\"\" srcset=\"https:\/\/kaj.hr\/korijeni\/wp-content\/uploads\/2018\/06\/IMG_20180604_150306.jpg 966w, https:\/\/kaj.hr\/korijeni\/wp-content\/uploads\/2018\/06\/IMG_20180604_150306-290x300.jpg 290w, https:\/\/kaj.hr\/korijeni\/wp-content\/uploads\/2018\/06\/IMG_20180604_150306-768x795.jpg 768w\" sizes=\"auto, (max-width: 966px) 100vw, 966px\" \/>\n\t\t\t<\/div><\/figure>\n\t\t<\/div>\n\n","protected":false},"excerpt":{"rendered":"<p>Projekt Etnografskog muzeja i Radija Kaj \u201eDajmo djeci korijene i krila\u201c odr\u017ean&#8230;<\/p>\n<div class=\"more-link-wrapper\"><a class=\"more-link\" href=\"https:\/\/kaj.hr\/korijeni\/korijeni-i-krila-u-puli\/\">Vi\u0161e&#8230;<span class=\"screen-reader-text\">Korijeni i krila u Puli<\/span><\/a><\/div>\n","protected":false},"author":1,"featured_media":171,"comment_status":"closed","ping_status":"closed","sticky":false,"template":"","format":"standard","meta":{"footnotes":""},"categories":[1],"tags":[],"class_list":["post-170","post","type-post","status-publish","format-standard","has-post-thumbnail","hentry","category-uncategorized","ratio-16-9","entry"],"yoast_head":"<!-- This site is optimized with the Yoast SEO plugin v24.4 - https:\/\/yoast.com\/wordpress\/plugins\/seo\/ -->\n<title>Korijeni i krila u Puli - Korijeni i krila<\/title>\n<meta name=\"robots\" content=\"index, follow, max-snippet:-1, max-image-preview:large, max-video-preview:-1\" \/>\n<link rel=\"canonical\" href=\"https:\/\/kaj.hr\/korijeni\/korijeni-i-krila-u-puli\/\" \/>\n<meta property=\"og:locale\" content=\"hr_HR\" \/>\n<meta property=\"og:type\" content=\"article\" \/>\n<meta property=\"og:title\" content=\"Korijeni i krila u Puli - Korijeni i krila\" \/>\n<meta property=\"og:description\" content=\"Projekt Etnografskog muzeja i Radija Kaj \u201eDajmo djeci korijene i krila\u201c odr\u017ean&#8230;\" \/>\n<meta property=\"og:url\" content=\"https:\/\/kaj.hr\/korijeni\/korijeni-i-krila-u-puli\/\" \/>\n<meta property=\"og:site_name\" content=\"Korijeni i krila\" \/>\n<meta property=\"article:published_time\" content=\"2018-06-04T13:20:48+00:00\" \/>\n<meta property=\"article:modified_time\" content=\"2019-03-14T13:22:56+00:00\" \/>\n<meta property=\"og:image\" content=\"https:\/\/kaj.hr\/korijeni\/wp-content\/uploads\/2019\/03\/IMG_20180604_115605-e1528106796714.jpg\" \/>\n\t<meta property=\"og:image:width\" content=\"765\" \/>\n\t<meta property=\"og:image:height\" content=\"430\" \/>\n\t<meta property=\"og:image:type\" content=\"image\/jpeg\" \/>\n<meta name=\"author\" content=\"pavlekovic\" \/>\n<meta name=\"twitter:card\" content=\"summary_large_image\" \/>\n<meta name=\"twitter:label1\" content=\"Napisao\/la\" \/>\n\t<meta name=\"twitter:data1\" content=\"pavlekovic\" \/>\n\t<meta name=\"twitter:label2\" content=\"Procijenjeno vrijeme \u010ditanja\" \/>\n\t<meta name=\"twitter:data2\" content=\"1 minuta\" \/>\n<script type=\"application\/ld+json\" class=\"yoast-schema-graph\">{\"@context\":\"https:\/\/schema.org\",\"@graph\":[{\"@type\":\"WebPage\",\"@id\":\"https:\/\/kaj.hr\/korijeni\/korijeni-i-krila-u-puli\/\",\"url\":\"https:\/\/kaj.hr\/korijeni\/korijeni-i-krila-u-puli\/\",\"name\":\"Korijeni i krila u Puli - Korijeni i krila\",\"isPartOf\":{\"@id\":\"https:\/\/kaj.hr\/korijeni\/#website\"},\"primaryImageOfPage\":{\"@id\":\"https:\/\/kaj.hr\/korijeni\/korijeni-i-krila-u-puli\/#primaryimage\"},\"image\":{\"@id\":\"https:\/\/kaj.hr\/korijeni\/korijeni-i-krila-u-puli\/#primaryimage\"},\"thumbnailUrl\":\"https:\/\/kaj.hr\/korijeni\/wp-content\/uploads\/2019\/03\/IMG_20180604_115605-e1528106796714.jpg\",\"datePublished\":\"2018-06-04T13:20:48+00:00\",\"dateModified\":\"2019-03-14T13:22:56+00:00\",\"author\":{\"@id\":\"https:\/\/kaj.hr\/korijeni\/#\/schema\/person\/ad224cfd5208650e1f7ab48b355dbdd4\"},\"inLanguage\":\"hr\",\"potentialAction\":[{\"@type\":\"ReadAction\",\"target\":[\"https:\/\/kaj.hr\/korijeni\/korijeni-i-krila-u-puli\/\"]}]},{\"@type\":\"ImageObject\",\"inLanguage\":\"hr\",\"@id\":\"https:\/\/kaj.hr\/korijeni\/korijeni-i-krila-u-puli\/#primaryimage\",\"url\":\"https:\/\/kaj.hr\/korijeni\/wp-content\/uploads\/2019\/03\/IMG_20180604_115605-e1528106796714.jpg\",\"contentUrl\":\"https:\/\/kaj.hr\/korijeni\/wp-content\/uploads\/2019\/03\/IMG_20180604_115605-e1528106796714.jpg\",\"width\":765,\"height\":430},{\"@type\":\"WebSite\",\"@id\":\"https:\/\/kaj.hr\/korijeni\/#website\",\"url\":\"https:\/\/kaj.hr\/korijeni\/\",\"name\":\"Korijeni i krila\",\"description\":\"Dajmo djeci korijene i krila  -  hrvatski odgojno-obrazovni projekt Etnografskog muzeja i Radija Kaj\",\"potentialAction\":[{\"@type\":\"SearchAction\",\"target\":{\"@type\":\"EntryPoint\",\"urlTemplate\":\"https:\/\/kaj.hr\/korijeni\/?s={search_term_string}\"},\"query-input\":{\"@type\":\"PropertyValueSpecification\",\"valueRequired\":true,\"valueName\":\"search_term_string\"}}],\"inLanguage\":\"hr\"},{\"@type\":\"Person\",\"@id\":\"https:\/\/kaj.hr\/korijeni\/#\/schema\/person\/ad224cfd5208650e1f7ab48b355dbdd4\",\"name\":\"pavlekovic\",\"url\":\"https:\/\/kaj.hr\/korijeni\/author\/pavlekovic\/\"}]}<\/script>\n<!-- \/ Yoast SEO plugin. -->","yoast_head_json":{"title":"Korijeni i krila u Puli - Korijeni i krila","robots":{"index":"index","follow":"follow","max-snippet":"max-snippet:-1","max-image-preview":"max-image-preview:large","max-video-preview":"max-video-preview:-1"},"canonical":"https:\/\/kaj.hr\/korijeni\/korijeni-i-krila-u-puli\/","og_locale":"hr_HR","og_type":"article","og_title":"Korijeni i krila u Puli - Korijeni i krila","og_description":"Projekt Etnografskog muzeja i Radija Kaj \u201eDajmo djeci korijene i krila\u201c odr\u017ean&#8230;","og_url":"https:\/\/kaj.hr\/korijeni\/korijeni-i-krila-u-puli\/","og_site_name":"Korijeni i krila","article_published_time":"2018-06-04T13:20:48+00:00","article_modified_time":"2019-03-14T13:22:56+00:00","og_image":[{"width":765,"height":430,"url":"https:\/\/kaj.hr\/korijeni\/wp-content\/uploads\/2019\/03\/IMG_20180604_115605-e1528106796714.jpg","type":"image\/jpeg"}],"author":"pavlekovic","twitter_card":"summary_large_image","twitter_misc":{"Napisao\/la":"pavlekovic","Procijenjeno vrijeme \u010ditanja":"1 minuta"},"schema":{"@context":"https:\/\/schema.org","@graph":[{"@type":"WebPage","@id":"https:\/\/kaj.hr\/korijeni\/korijeni-i-krila-u-puli\/","url":"https:\/\/kaj.hr\/korijeni\/korijeni-i-krila-u-puli\/","name":"Korijeni i krila u Puli - Korijeni i krila","isPartOf":{"@id":"https:\/\/kaj.hr\/korijeni\/#website"},"primaryImageOfPage":{"@id":"https:\/\/kaj.hr\/korijeni\/korijeni-i-krila-u-puli\/#primaryimage"},"image":{"@id":"https:\/\/kaj.hr\/korijeni\/korijeni-i-krila-u-puli\/#primaryimage"},"thumbnailUrl":"https:\/\/kaj.hr\/korijeni\/wp-content\/uploads\/2019\/03\/IMG_20180604_115605-e1528106796714.jpg","datePublished":"2018-06-04T13:20:48+00:00","dateModified":"2019-03-14T13:22:56+00:00","author":{"@id":"https:\/\/kaj.hr\/korijeni\/#\/schema\/person\/ad224cfd5208650e1f7ab48b355dbdd4"},"inLanguage":"hr","potentialAction":[{"@type":"ReadAction","target":["https:\/\/kaj.hr\/korijeni\/korijeni-i-krila-u-puli\/"]}]},{"@type":"ImageObject","inLanguage":"hr","@id":"https:\/\/kaj.hr\/korijeni\/korijeni-i-krila-u-puli\/#primaryimage","url":"https:\/\/kaj.hr\/korijeni\/wp-content\/uploads\/2019\/03\/IMG_20180604_115605-e1528106796714.jpg","contentUrl":"https:\/\/kaj.hr\/korijeni\/wp-content\/uploads\/2019\/03\/IMG_20180604_115605-e1528106796714.jpg","width":765,"height":430},{"@type":"WebSite","@id":"https:\/\/kaj.hr\/korijeni\/#website","url":"https:\/\/kaj.hr\/korijeni\/","name":"Korijeni i krila","description":"Dajmo djeci korijene i krila  -  hrvatski odgojno-obrazovni projekt Etnografskog muzeja i Radija Kaj","potentialAction":[{"@type":"SearchAction","target":{"@type":"EntryPoint","urlTemplate":"https:\/\/kaj.hr\/korijeni\/?s={search_term_string}"},"query-input":{"@type":"PropertyValueSpecification","valueRequired":true,"valueName":"search_term_string"}}],"inLanguage":"hr"},{"@type":"Person","@id":"https:\/\/kaj.hr\/korijeni\/#\/schema\/person\/ad224cfd5208650e1f7ab48b355dbdd4","name":"pavlekovic","url":"https:\/\/kaj.hr\/korijeni\/author\/pavlekovic\/"}]}},"_links":{"self":[{"href":"https:\/\/kaj.hr\/korijeni\/wp-json\/wp\/v2\/posts\/170","targetHints":{"allow":["GET"]}}],"collection":[{"href":"https:\/\/kaj.hr\/korijeni\/wp-json\/wp\/v2\/posts"}],"about":[{"href":"https:\/\/kaj.hr\/korijeni\/wp-json\/wp\/v2\/types\/post"}],"author":[{"embeddable":true,"href":"https:\/\/kaj.hr\/korijeni\/wp-json\/wp\/v2\/users\/1"}],"replies":[{"embeddable":true,"href":"https:\/\/kaj.hr\/korijeni\/wp-json\/wp\/v2\/comments?post=170"}],"version-history":[{"count":2,"href":"https:\/\/kaj.hr\/korijeni\/wp-json\/wp\/v2\/posts\/170\/revisions"}],"predecessor-version":[{"id":179,"href":"https:\/\/kaj.hr\/korijeni\/wp-json\/wp\/v2\/posts\/170\/revisions\/179"}],"wp:featuredmedia":[{"embeddable":true,"href":"https:\/\/kaj.hr\/korijeni\/wp-json\/wp\/v2\/media\/171"}],"wp:attachment":[{"href":"https:\/\/kaj.hr\/korijeni\/wp-json\/wp\/v2\/media?parent=170"}],"wp:term":[{"taxonomy":"category","embeddable":true,"href":"https:\/\/kaj.hr\/korijeni\/wp-json\/wp\/v2\/categories?post=170"},{"taxonomy":"post_tag","embeddable":true,"href":"https:\/\/kaj.hr\/korijeni\/wp-json\/wp\/v2\/tags?post=170"}],"curies":[{"name":"wp","href":"https:\/\/api.w.org\/{rel}","templated":true}]}}