{"id":1698,"date":"2021-12-02T20:10:06","date_gmt":"2021-12-02T18:10:06","guid":{"rendered":"https:\/\/korijeni.hr\/?p=1698"},"modified":"2021-12-06T17:49:41","modified_gmt":"2021-12-06T15:49:41","slug":"vesela-loptica-i-tradicijske-drvene-igracke","status":"publish","type":"post","link":"https:\/\/kaj.hr\/korijeni\/vesela-loptica-i-tradicijske-drvene-igracke\/","title":{"rendered":"Vesela loptica i tradicijske drvene igra\u010dke"},"content":{"rendered":"<div id='gallery-1' class='gallery galleryid-1698 gallery-columns-1 gallery-size-full'><figure class='gallery-item'>\n\t\t\t<div class='gallery-icon landscape'>\n\t\t\t\t<img loading=\"lazy\" decoding=\"async\" width=\"2048\" height=\"1152\" src=\"https:\/\/kaj.hr\/korijeni\/wp-content\/uploads\/2021\/12\/DV-Vesela-loptica-Kolarek-Drobina-i-djeca.jpg\" class=\"attachment-full size-full\" alt=\"\" srcset=\"https:\/\/kaj.hr\/korijeni\/wp-content\/uploads\/2021\/12\/DV-Vesela-loptica-Kolarek-Drobina-i-djeca.jpg 2048w, https:\/\/kaj.hr\/korijeni\/wp-content\/uploads\/2021\/12\/DV-Vesela-loptica-Kolarek-Drobina-i-djeca-300x169.jpg 300w, https:\/\/kaj.hr\/korijeni\/wp-content\/uploads\/2021\/12\/DV-Vesela-loptica-Kolarek-Drobina-i-djeca-1024x576.jpg 1024w, https:\/\/kaj.hr\/korijeni\/wp-content\/uploads\/2021\/12\/DV-Vesela-loptica-Kolarek-Drobina-i-djeca-768x432.jpg 768w, https:\/\/kaj.hr\/korijeni\/wp-content\/uploads\/2021\/12\/DV-Vesela-loptica-Kolarek-Drobina-i-djeca-1536x864.jpg 1536w\" sizes=\"auto, (max-width: 2048px) 100vw, 2048px\" \/>\n\t\t\t<\/div><\/figure><figure class='gallery-item'>\n\t\t\t<div class='gallery-icon landscape'>\n\t\t\t\t<img loading=\"lazy\" decoding=\"async\" width=\"2048\" height=\"1536\" src=\"https:\/\/kaj.hr\/korijeni\/wp-content\/uploads\/2021\/12\/DV-Vesela-loptica-Petra-Slavecki-i-ravnateljica-DV-a-Jasmina-Bajus.jpeg\" class=\"attachment-full size-full\" alt=\"\" srcset=\"https:\/\/kaj.hr\/korijeni\/wp-content\/uploads\/2021\/12\/DV-Vesela-loptica-Petra-Slavecki-i-ravnateljica-DV-a-Jasmina-Bajus.jpeg 2048w, https:\/\/kaj.hr\/korijeni\/wp-content\/uploads\/2021\/12\/DV-Vesela-loptica-Petra-Slavecki-i-ravnateljica-DV-a-Jasmina-Bajus-300x225.jpeg 300w, https:\/\/kaj.hr\/korijeni\/wp-content\/uploads\/2021\/12\/DV-Vesela-loptica-Petra-Slavecki-i-ravnateljica-DV-a-Jasmina-Bajus-1024x768.jpeg 1024w, https:\/\/kaj.hr\/korijeni\/wp-content\/uploads\/2021\/12\/DV-Vesela-loptica-Petra-Slavecki-i-ravnateljica-DV-a-Jasmina-Bajus-768x576.jpeg 768w, https:\/\/kaj.hr\/korijeni\/wp-content\/uploads\/2021\/12\/DV-Vesela-loptica-Petra-Slavecki-i-ravnateljica-DV-a-Jasmina-Bajus-1536x1152.jpeg 1536w\" sizes=\"auto, (max-width: 2048px) 100vw, 2048px\" \/>\n\t\t\t<\/div><\/figure><figure class='gallery-item'>\n\t\t\t<div class='gallery-icon landscape'>\n\t\t\t\t<img loading=\"lazy\" decoding=\"async\" width=\"2048\" height=\"1536\" src=\"https:\/\/kaj.hr\/korijeni\/wp-content\/uploads\/2021\/12\/DV-Vesela-lopticaPetra-Slavecki-i-Ljubomir-Kolarek.jpeg\" class=\"attachment-full size-full\" alt=\"\" srcset=\"https:\/\/kaj.hr\/korijeni\/wp-content\/uploads\/2021\/12\/DV-Vesela-lopticaPetra-Slavecki-i-Ljubomir-Kolarek.jpeg 2048w, https:\/\/kaj.hr\/korijeni\/wp-content\/uploads\/2021\/12\/DV-Vesela-lopticaPetra-Slavecki-i-Ljubomir-Kolarek-300x225.jpeg 300w, https:\/\/kaj.hr\/korijeni\/wp-content\/uploads\/2021\/12\/DV-Vesela-lopticaPetra-Slavecki-i-Ljubomir-Kolarek-1024x768.jpeg 1024w, https:\/\/kaj.hr\/korijeni\/wp-content\/uploads\/2021\/12\/DV-Vesela-lopticaPetra-Slavecki-i-Ljubomir-Kolarek-768x576.jpeg 768w, https:\/\/kaj.hr\/korijeni\/wp-content\/uploads\/2021\/12\/DV-Vesela-lopticaPetra-Slavecki-i-Ljubomir-Kolarek-1536x1152.jpeg 1536w\" sizes=\"auto, (max-width: 2048px) 100vw, 2048px\" \/>\n\t\t\t<\/div><\/figure><figure class='gallery-item'>\n\t\t\t<div class='gallery-icon landscape'>\n\t\t\t\t<img loading=\"lazy\" decoding=\"async\" width=\"2048\" height=\"1536\" src=\"https:\/\/kaj.hr\/korijeni\/wp-content\/uploads\/2021\/12\/DV-Vesela-lptica-Petra-i-Mirjana-izjava.jpeg\" class=\"attachment-full size-full\" alt=\"\" srcset=\"https:\/\/kaj.hr\/korijeni\/wp-content\/uploads\/2021\/12\/DV-Vesela-lptica-Petra-i-Mirjana-izjava.jpeg 2048w, https:\/\/kaj.hr\/korijeni\/wp-content\/uploads\/2021\/12\/DV-Vesela-lptica-Petra-i-Mirjana-izjava-300x225.jpeg 300w, https:\/\/kaj.hr\/korijeni\/wp-content\/uploads\/2021\/12\/DV-Vesela-lptica-Petra-i-Mirjana-izjava-1024x768.jpeg 1024w, https:\/\/kaj.hr\/korijeni\/wp-content\/uploads\/2021\/12\/DV-Vesela-lptica-Petra-i-Mirjana-izjava-768x576.jpeg 768w, https:\/\/kaj.hr\/korijeni\/wp-content\/uploads\/2021\/12\/DV-Vesela-lptica-Petra-i-Mirjana-izjava-1536x1152.jpeg 1536w\" sizes=\"auto, (max-width: 2048px) 100vw, 2048px\" \/>\n\t\t\t<\/div><\/figure><figure class='gallery-item'>\n\t\t\t<div class='gallery-icon landscape'>\n\t\t\t\t<img loading=\"lazy\" decoding=\"async\" width=\"1000\" height=\"750\" src=\"https:\/\/kaj.hr\/korijeni\/wp-content\/uploads\/2021\/12\/Ljubomir-Kolarek-i-Mirjana-Drobina-DV-Vesela-loptica-Radio-Kaj.jpeg\" class=\"attachment-full size-full\" alt=\"\" srcset=\"https:\/\/kaj.hr\/korijeni\/wp-content\/uploads\/2021\/12\/Ljubomir-Kolarek-i-Mirjana-Drobina-DV-Vesela-loptica-Radio-Kaj.jpeg 1000w, https:\/\/kaj.hr\/korijeni\/wp-content\/uploads\/2021\/12\/Ljubomir-Kolarek-i-Mirjana-Drobina-DV-Vesela-loptica-Radio-Kaj-300x225.jpeg 300w, https:\/\/kaj.hr\/korijeni\/wp-content\/uploads\/2021\/12\/Ljubomir-Kolarek-i-Mirjana-Drobina-DV-Vesela-loptica-Radio-Kaj-768x576.jpeg 768w\" sizes=\"auto, (max-width: 1000px) 100vw, 1000px\" \/>\n\t\t\t<\/div><\/figure><figure class='gallery-item'>\n\t\t\t<div class='gallery-icon landscape'>\n\t\t\t\t<img loading=\"lazy\" decoding=\"async\" width=\"2048\" height=\"1151\" src=\"https:\/\/kaj.hr\/korijeni\/wp-content\/uploads\/2021\/12\/Sveti-Nikola-Mirjana-Drobina-i-Ljubomir-Kolarek-DV-Vesela-loptica-2048x1151-1.jpg\" class=\"attachment-full size-full\" alt=\"\" srcset=\"https:\/\/kaj.hr\/korijeni\/wp-content\/uploads\/2021\/12\/Sveti-Nikola-Mirjana-Drobina-i-Ljubomir-Kolarek-DV-Vesela-loptica-2048x1151-1.jpg 2048w, https:\/\/kaj.hr\/korijeni\/wp-content\/uploads\/2021\/12\/Sveti-Nikola-Mirjana-Drobina-i-Ljubomir-Kolarek-DV-Vesela-loptica-2048x1151-1-300x169.jpg 300w, https:\/\/kaj.hr\/korijeni\/wp-content\/uploads\/2021\/12\/Sveti-Nikola-Mirjana-Drobina-i-Ljubomir-Kolarek-DV-Vesela-loptica-2048x1151-1-1024x576.jpg 1024w, https:\/\/kaj.hr\/korijeni\/wp-content\/uploads\/2021\/12\/Sveti-Nikola-Mirjana-Drobina-i-Ljubomir-Kolarek-DV-Vesela-loptica-2048x1151-1-768x432.jpg 768w, https:\/\/kaj.hr\/korijeni\/wp-content\/uploads\/2021\/12\/Sveti-Nikola-Mirjana-Drobina-i-Ljubomir-Kolarek-DV-Vesela-loptica-2048x1151-1-1536x863.jpg 1536w\" sizes=\"auto, (max-width: 2048px) 100vw, 2048px\" \/>\n\t\t\t<\/div><\/figure>\n\t\t<\/div>\n\n<p><em>Dje\u010dji vrti\u0107 Vesela loptica u Prelogu 6. prosinca 2021. godine dobio je na poklon veliki paket tradicijskih drvenih igra\u010daka u sklopu hrvatskog odgojno-obrazovnog projekta Radija Kaj i Etnografskog muzeja iz Zagreba &#8211; Dajmo djeci korijene i krila. U primopredaji igra\u010daka sudjelovali su Ljubomir Kolarek, zastupnik u Hrvatskom saboru i gradona\u010delnik Grada Preloga, Mirjana Drobina iz Etnografskog muzeja, autorica projekta Dajmo djeci korijene i krila, Jasmina Bajus, ravnateljica DV-a Vesela loptica i ekipa Radija Kaj.<\/em><\/p>\n<p><em>Dajmo djeci korijene i krila, vi\u0161egodi\u0161nji je hrvatski odgojno-obrazovni projekt s ciljem upoznavanja najmla\u0111ih s kulturnom ba\u0161tinom i o\u010duvanja izrade tradicijskih drvenih igra\u010daka kao za\u0161ti\u0107enog nematerijalnog kulturnog dobra na reprezentativnoj listi UNESCO-a. Dje\u010dji vrti\u0107 Vesela loptica u Prelogu 115. je po redu vrti\u0107 doma\u0107in projekta Dajmo djeci korijene i krila.<\/em><\/p>\n<p><em>Projekt je pokrenut 13. rujna 2013. godine, a ostvaruje se \u0161irom Hrvatske i najmla\u0111e, kroz igru i pri\u010du, upoznaje s hrvatskom ba\u0161tinom i poti\u010de na ma\u0161tu i stvarala\u0161tvo. Od prvog dana, pa sve do danas, taj hrvatski odgojno-obrazovni projekt zajedno organiziraju Etnografski muzej iz Zagreba i Radio Kaj, a kontinuirano prate i podupiru Ministarstvo kulture i medija Republike Hrvatske, Janaf, Narodne novine i brojne jedinice lokalne samouprave, na \u010dijem podru\u010dju se ostvaruje.<\/em><\/p>\n<p><em>\u0160irom Hrvatske, od Zagorja, Me\u0111imurja i Prigorja, preko Zagreba, Vukovara, Slavonskog Broda, Rijeke, \u0160ibenika do Dubrovnika, posjetili smo dje\u010dje vrti\u0107e, poklonili im tradicijske igra\u010dke i ispri\u010dali najljep\u0161u hrvatsku tradicijsku pri\u010du. Najmla\u0111i doma\u0107ini uvijek pripreme program dobrodo\u0161lice, pjesmom i recitacijom, u pravilu u narodnim no\u0161njama kraja u kojem projekt gostuje. Do sada je, u proteklih devet godina, projekt Dajmo djeci korijene i krila posjetio 114 vrti\u0107a \u0161irom Hrvatske kojima su organizatori poklonili drvene igra\u010dke, ispri\u010dali pri\u010du, a Narodne novine, partner projekta, poklonile su djeci pakete crta\u0107eg pribora.<\/em><\/p>\n<p><em>Na poziv organizatora najmla\u0111i iz 100 hrvatskih dje\u010djih vrti\u0107a izradili su na tisu\u0107e dje\u010djih likovnih i literarnih radova od kojih su mnoge izlo\u017eili u Etnografskom muzeju u Zagrebu, u povodu sto godina Etnografskog muzeja u Zagrebu i trideset godina Radija Kaj, na posebnoj \u2013 jedinstvenoj izlo\u017ebi, pod nazivom\u00a0 \u201e100 dje\u010djih vrti\u0107a za 100 muzejskih godina\u201c.<\/em><\/p>\n","protected":false},"excerpt":{"rendered":"<p>Dje\u010dji vrti\u0107 Vesela loptica u Prelogu 6. prosinca 2021. godine dobio je&#8230;<\/p>\n<div class=\"more-link-wrapper\"><a class=\"more-link\" href=\"https:\/\/kaj.hr\/korijeni\/vesela-loptica-i-tradicijske-drvene-igracke\/\">Vi\u0161e&#8230;<span class=\"screen-reader-text\">Vesela loptica i tradicijske drvene igra\u010dke<\/span><\/a><\/div>\n","protected":false},"author":4,"featured_media":1713,"comment_status":"closed","ping_status":"closed","sticky":false,"template":"","format":"standard","meta":{"footnotes":""},"categories":[1],"tags":[],"class_list":["post-1698","post","type-post","status-publish","format-standard","has-post-thumbnail","hentry","category-uncategorized","ratio-16-9","entry"],"yoast_head":"<!-- This site is optimized with the Yoast SEO plugin v24.4 - https:\/\/yoast.com\/wordpress\/plugins\/seo\/ -->\n<title>Vesela loptica i tradicijske drvene igra\u010dke - Korijeni i krila<\/title>\n<meta name=\"robots\" content=\"index, follow, max-snippet:-1, max-image-preview:large, max-video-preview:-1\" \/>\n<link rel=\"canonical\" href=\"https:\/\/kaj.hr\/korijeni\/vesela-loptica-i-tradicijske-drvene-igracke\/\" \/>\n<meta property=\"og:locale\" content=\"hr_HR\" \/>\n<meta property=\"og:type\" content=\"article\" \/>\n<meta property=\"og:title\" content=\"Vesela loptica i tradicijske drvene igra\u010dke - Korijeni i krila\" \/>\n<meta property=\"og:description\" content=\"Dje\u010dji vrti\u0107 Vesela loptica u Prelogu 6. prosinca 2021. godine dobio je&#8230;\" \/>\n<meta property=\"og:url\" content=\"https:\/\/kaj.hr\/korijeni\/vesela-loptica-i-tradicijske-drvene-igracke\/\" \/>\n<meta property=\"og:site_name\" content=\"Korijeni i krila\" \/>\n<meta property=\"article:published_time\" content=\"2021-12-02T18:10:06+00:00\" \/>\n<meta property=\"article:modified_time\" content=\"2021-12-06T15:49:41+00:00\" \/>\n<meta property=\"og:image\" content=\"https:\/\/kaj.hr\/korijeni\/wp-content\/uploads\/2021\/12\/DV-Vesela-loptica-Radio-Kaj-Dajmo-djeci-korijene-i-krila-naslovna.jpg\" \/>\n\t<meta property=\"og:image:width\" content=\"2048\" \/>\n\t<meta property=\"og:image:height\" content=\"1152\" \/>\n\t<meta property=\"og:image:type\" content=\"image\/jpeg\" \/>\n<meta name=\"author\" content=\"Drago Grade\u010dak\" \/>\n<meta name=\"twitter:card\" content=\"summary_large_image\" \/>\n<meta name=\"twitter:label1\" content=\"Napisao\/la\" \/>\n\t<meta name=\"twitter:data1\" content=\"Drago Grade\u010dak\" \/>\n\t<meta name=\"twitter:label2\" content=\"Procijenjeno vrijeme \u010ditanja\" \/>\n\t<meta name=\"twitter:data2\" content=\"2 minute\" \/>\n<script type=\"application\/ld+json\" class=\"yoast-schema-graph\">{\"@context\":\"https:\/\/schema.org\",\"@graph\":[{\"@type\":\"WebPage\",\"@id\":\"https:\/\/kaj.hr\/korijeni\/vesela-loptica-i-tradicijske-drvene-igracke\/\",\"url\":\"https:\/\/kaj.hr\/korijeni\/vesela-loptica-i-tradicijske-drvene-igracke\/\",\"name\":\"Vesela loptica i tradicijske drvene igra\u010dke - Korijeni i krila\",\"isPartOf\":{\"@id\":\"https:\/\/kaj.hr\/korijeni\/#website\"},\"primaryImageOfPage\":{\"@id\":\"https:\/\/kaj.hr\/korijeni\/vesela-loptica-i-tradicijske-drvene-igracke\/#primaryimage\"},\"image\":{\"@id\":\"https:\/\/kaj.hr\/korijeni\/vesela-loptica-i-tradicijske-drvene-igracke\/#primaryimage\"},\"thumbnailUrl\":\"https:\/\/kaj.hr\/korijeni\/wp-content\/uploads\/2021\/12\/DV-Vesela-loptica-Radio-Kaj-Dajmo-djeci-korijene-i-krila-naslovna.jpg\",\"datePublished\":\"2021-12-02T18:10:06+00:00\",\"dateModified\":\"2021-12-06T15:49:41+00:00\",\"author\":{\"@id\":\"https:\/\/kaj.hr\/korijeni\/#\/schema\/person\/a4fc9e12dbf8d854c1caf3dbc50753f7\"},\"inLanguage\":\"hr\",\"potentialAction\":[{\"@type\":\"ReadAction\",\"target\":[\"https:\/\/kaj.hr\/korijeni\/vesela-loptica-i-tradicijske-drvene-igracke\/\"]}]},{\"@type\":\"ImageObject\",\"inLanguage\":\"hr\",\"@id\":\"https:\/\/kaj.hr\/korijeni\/vesela-loptica-i-tradicijske-drvene-igracke\/#primaryimage\",\"url\":\"https:\/\/kaj.hr\/korijeni\/wp-content\/uploads\/2021\/12\/DV-Vesela-loptica-Radio-Kaj-Dajmo-djeci-korijene-i-krila-naslovna.jpg\",\"contentUrl\":\"https:\/\/kaj.hr\/korijeni\/wp-content\/uploads\/2021\/12\/DV-Vesela-loptica-Radio-Kaj-Dajmo-djeci-korijene-i-krila-naslovna.jpg\",\"width\":2048,\"height\":1152},{\"@type\":\"WebSite\",\"@id\":\"https:\/\/kaj.hr\/korijeni\/#website\",\"url\":\"https:\/\/kaj.hr\/korijeni\/\",\"name\":\"Korijeni i krila\",\"description\":\"Dajmo djeci korijene i krila  -  hrvatski odgojno-obrazovni projekt Etnografskog muzeja i Radija Kaj\",\"potentialAction\":[{\"@type\":\"SearchAction\",\"target\":{\"@type\":\"EntryPoint\",\"urlTemplate\":\"https:\/\/kaj.hr\/korijeni\/?s={search_term_string}\"},\"query-input\":{\"@type\":\"PropertyValueSpecification\",\"valueRequired\":true,\"valueName\":\"search_term_string\"}}],\"inLanguage\":\"hr\"},{\"@type\":\"Person\",\"@id\":\"https:\/\/kaj.hr\/korijeni\/#\/schema\/person\/a4fc9e12dbf8d854c1caf3dbc50753f7\",\"name\":\"Drago Grade\u010dak\",\"sameAs\":[\"http:\/\/www.korijeni.hr\"],\"url\":\"https:\/\/kaj.hr\/korijeni\/author\/korijeni\/\"}]}<\/script>\n<!-- \/ Yoast SEO plugin. -->","yoast_head_json":{"title":"Vesela loptica i tradicijske drvene igra\u010dke - Korijeni i krila","robots":{"index":"index","follow":"follow","max-snippet":"max-snippet:-1","max-image-preview":"max-image-preview:large","max-video-preview":"max-video-preview:-1"},"canonical":"https:\/\/kaj.hr\/korijeni\/vesela-loptica-i-tradicijske-drvene-igracke\/","og_locale":"hr_HR","og_type":"article","og_title":"Vesela loptica i tradicijske drvene igra\u010dke - Korijeni i krila","og_description":"Dje\u010dji vrti\u0107 Vesela loptica u Prelogu 6. prosinca 2021. godine dobio je&#8230;","og_url":"https:\/\/kaj.hr\/korijeni\/vesela-loptica-i-tradicijske-drvene-igracke\/","og_site_name":"Korijeni i krila","article_published_time":"2021-12-02T18:10:06+00:00","article_modified_time":"2021-12-06T15:49:41+00:00","og_image":[{"width":2048,"height":1152,"url":"https:\/\/kaj.hr\/korijeni\/wp-content\/uploads\/2021\/12\/DV-Vesela-loptica-Radio-Kaj-Dajmo-djeci-korijene-i-krila-naslovna.jpg","type":"image\/jpeg"}],"author":"Drago Grade\u010dak","twitter_card":"summary_large_image","twitter_misc":{"Napisao\/la":"Drago Grade\u010dak","Procijenjeno vrijeme \u010ditanja":"2 minute"},"schema":{"@context":"https:\/\/schema.org","@graph":[{"@type":"WebPage","@id":"https:\/\/kaj.hr\/korijeni\/vesela-loptica-i-tradicijske-drvene-igracke\/","url":"https:\/\/kaj.hr\/korijeni\/vesela-loptica-i-tradicijske-drvene-igracke\/","name":"Vesela loptica i tradicijske drvene igra\u010dke - Korijeni i krila","isPartOf":{"@id":"https:\/\/kaj.hr\/korijeni\/#website"},"primaryImageOfPage":{"@id":"https:\/\/kaj.hr\/korijeni\/vesela-loptica-i-tradicijske-drvene-igracke\/#primaryimage"},"image":{"@id":"https:\/\/kaj.hr\/korijeni\/vesela-loptica-i-tradicijske-drvene-igracke\/#primaryimage"},"thumbnailUrl":"https:\/\/kaj.hr\/korijeni\/wp-content\/uploads\/2021\/12\/DV-Vesela-loptica-Radio-Kaj-Dajmo-djeci-korijene-i-krila-naslovna.jpg","datePublished":"2021-12-02T18:10:06+00:00","dateModified":"2021-12-06T15:49:41+00:00","author":{"@id":"https:\/\/kaj.hr\/korijeni\/#\/schema\/person\/a4fc9e12dbf8d854c1caf3dbc50753f7"},"inLanguage":"hr","potentialAction":[{"@type":"ReadAction","target":["https:\/\/kaj.hr\/korijeni\/vesela-loptica-i-tradicijske-drvene-igracke\/"]}]},{"@type":"ImageObject","inLanguage":"hr","@id":"https:\/\/kaj.hr\/korijeni\/vesela-loptica-i-tradicijske-drvene-igracke\/#primaryimage","url":"https:\/\/kaj.hr\/korijeni\/wp-content\/uploads\/2021\/12\/DV-Vesela-loptica-Radio-Kaj-Dajmo-djeci-korijene-i-krila-naslovna.jpg","contentUrl":"https:\/\/kaj.hr\/korijeni\/wp-content\/uploads\/2021\/12\/DV-Vesela-loptica-Radio-Kaj-Dajmo-djeci-korijene-i-krila-naslovna.jpg","width":2048,"height":1152},{"@type":"WebSite","@id":"https:\/\/kaj.hr\/korijeni\/#website","url":"https:\/\/kaj.hr\/korijeni\/","name":"Korijeni i krila","description":"Dajmo djeci korijene i krila  -  hrvatski odgojno-obrazovni projekt Etnografskog muzeja i Radija Kaj","potentialAction":[{"@type":"SearchAction","target":{"@type":"EntryPoint","urlTemplate":"https:\/\/kaj.hr\/korijeni\/?s={search_term_string}"},"query-input":{"@type":"PropertyValueSpecification","valueRequired":true,"valueName":"search_term_string"}}],"inLanguage":"hr"},{"@type":"Person","@id":"https:\/\/kaj.hr\/korijeni\/#\/schema\/person\/a4fc9e12dbf8d854c1caf3dbc50753f7","name":"Drago Grade\u010dak","sameAs":["http:\/\/www.korijeni.hr"],"url":"https:\/\/kaj.hr\/korijeni\/author\/korijeni\/"}]}},"_links":{"self":[{"href":"https:\/\/kaj.hr\/korijeni\/wp-json\/wp\/v2\/posts\/1698","targetHints":{"allow":["GET"]}}],"collection":[{"href":"https:\/\/kaj.hr\/korijeni\/wp-json\/wp\/v2\/posts"}],"about":[{"href":"https:\/\/kaj.hr\/korijeni\/wp-json\/wp\/v2\/types\/post"}],"author":[{"embeddable":true,"href":"https:\/\/kaj.hr\/korijeni\/wp-json\/wp\/v2\/users\/4"}],"replies":[{"embeddable":true,"href":"https:\/\/kaj.hr\/korijeni\/wp-json\/wp\/v2\/comments?post=1698"}],"version-history":[{"count":4,"href":"https:\/\/kaj.hr\/korijeni\/wp-json\/wp\/v2\/posts\/1698\/revisions"}],"predecessor-version":[{"id":1712,"href":"https:\/\/kaj.hr\/korijeni\/wp-json\/wp\/v2\/posts\/1698\/revisions\/1712"}],"wp:featuredmedia":[{"embeddable":true,"href":"https:\/\/kaj.hr\/korijeni\/wp-json\/wp\/v2\/media\/1713"}],"wp:attachment":[{"href":"https:\/\/kaj.hr\/korijeni\/wp-json\/wp\/v2\/media?parent=1698"}],"wp:term":[{"taxonomy":"category","embeddable":true,"href":"https:\/\/kaj.hr\/korijeni\/wp-json\/wp\/v2\/categories?post=1698"},{"taxonomy":"post_tag","embeddable":true,"href":"https:\/\/kaj.hr\/korijeni\/wp-json\/wp\/v2\/tags?post=1698"}],"curies":[{"name":"wp","href":"https:\/\/api.w.org\/{rel}","templated":true}]}}