{"id":161,"date":"2018-06-07T13:17:32","date_gmt":"2018-06-07T13:17:32","guid":{"rendered":"https:\/\/korijeni.hr\/?p=161"},"modified":"2019-03-14T13:19:59","modified_gmt":"2019-03-14T13:19:59","slug":"igracke-u-djecjem-vrticu-kolibri","status":"publish","type":"post","link":"https:\/\/kaj.hr\/korijeni\/igracke-u-djecjem-vrticu-kolibri\/","title":{"rendered":"Igra\u010dke u Dje\u010djem vrti\u0107u Kolibri"},"content":{"rendered":"<p>Projekt Etnografskog muzeja i Radija Kaj \u201eDajmo djeci korijene i krila\u201c nastavljen je ovog \u010detvrtka, 07. lipnja 2018. godine u Dje\u010djem vrti\u0107u Kolibri u zagreba\u010dkoj Dubravi. Podjelu tradicijskih drvenih igra\u010daka najmla\u0111ima iz ovog vrti\u0107a omogu\u0107io je Grad Zagreb, a ravnateljici vrti\u0107a Vesni Aralici igra\u010dke je uru\u010dila autorica projekta iz Etnografskog muzeja Mirjana Drobina. Projekt Dajmo djeci korijene i krila podr\u017eavaju Ministarstvo kulture Republike Hrvatske, Janaf i Narodne novine, koje su, kao i svaki put do sada, male vrti\u0107arce razveselile bogatim poklon paketom crta\u0107eg pribora. Za njih je tako\u0111er organizirana i prigodna predstava Laboratorija zabave. Zahvaljuju\u0107i projektu Dajmo djeci korijene i krila, djeca se u vrti\u0107ima upoznaju s dijelom hrvatske kulturne ba\u0161tine i hrvatskim tradicijskim vrijednostima, a igra\u010dke je UNESCO uvrstio na reprezentativnu listu za\u0161ti\u0107ene kulturne ba\u0161tine.<\/p>\n<div id=\"gallery-1\" class=\"gallery galleryid-36507 gallery-columns-1 gallery-size-full\">\n<div id='gallery-1' class='gallery galleryid-161 gallery-columns-1 gallery-size-full'><figure class='gallery-item'>\n\t\t\t<div class='gallery-icon landscape'>\n\t\t\t\t<img loading=\"lazy\" decoding=\"async\" width=\"1000\" height=\"750\" src=\"https:\/\/kaj.hr\/korijeni\/wp-content\/uploads\/2018\/06\/IMG_2945.jpg\" class=\"attachment-full size-full\" alt=\"\" srcset=\"https:\/\/kaj.hr\/korijeni\/wp-content\/uploads\/2018\/06\/IMG_2945.jpg 1000w, https:\/\/kaj.hr\/korijeni\/wp-content\/uploads\/2018\/06\/IMG_2945-300x225.jpg 300w, https:\/\/kaj.hr\/korijeni\/wp-content\/uploads\/2018\/06\/IMG_2945-768x576.jpg 768w\" sizes=\"auto, (max-width: 1000px) 100vw, 1000px\" \/>\n\t\t\t<\/div><\/figure><figure class='gallery-item'>\n\t\t\t<div class='gallery-icon landscape'>\n\t\t\t\t<img loading=\"lazy\" decoding=\"async\" width=\"1000\" height=\"870\" src=\"https:\/\/kaj.hr\/korijeni\/wp-content\/uploads\/2018\/06\/IMG_2951.jpg\" class=\"attachment-full size-full\" alt=\"\" srcset=\"https:\/\/kaj.hr\/korijeni\/wp-content\/uploads\/2018\/06\/IMG_2951.jpg 1000w, https:\/\/kaj.hr\/korijeni\/wp-content\/uploads\/2018\/06\/IMG_2951-300x261.jpg 300w, https:\/\/kaj.hr\/korijeni\/wp-content\/uploads\/2018\/06\/IMG_2951-768x668.jpg 768w\" sizes=\"auto, (max-width: 1000px) 100vw, 1000px\" \/>\n\t\t\t<\/div><\/figure><figure class='gallery-item'>\n\t\t\t<div class='gallery-icon landscape'>\n\t\t\t\t<img loading=\"lazy\" decoding=\"async\" width=\"1000\" height=\"750\" src=\"https:\/\/kaj.hr\/korijeni\/wp-content\/uploads\/2018\/06\/IMG_2952.jpg\" class=\"attachment-full size-full\" alt=\"\" srcset=\"https:\/\/kaj.hr\/korijeni\/wp-content\/uploads\/2018\/06\/IMG_2952.jpg 1000w, https:\/\/kaj.hr\/korijeni\/wp-content\/uploads\/2018\/06\/IMG_2952-300x225.jpg 300w, https:\/\/kaj.hr\/korijeni\/wp-content\/uploads\/2018\/06\/IMG_2952-768x576.jpg 768w\" sizes=\"auto, (max-width: 1000px) 100vw, 1000px\" \/>\n\t\t\t<\/div><\/figure><figure class='gallery-item'>\n\t\t\t<div class='gallery-icon landscape'>\n\t\t\t\t<img loading=\"lazy\" decoding=\"async\" width=\"1000\" height=\"750\" src=\"https:\/\/kaj.hr\/korijeni\/wp-content\/uploads\/2018\/06\/IMG_2957.jpg\" class=\"attachment-full size-full\" alt=\"\" srcset=\"https:\/\/kaj.hr\/korijeni\/wp-content\/uploads\/2018\/06\/IMG_2957.jpg 1000w, https:\/\/kaj.hr\/korijeni\/wp-content\/uploads\/2018\/06\/IMG_2957-300x225.jpg 300w, https:\/\/kaj.hr\/korijeni\/wp-content\/uploads\/2018\/06\/IMG_2957-768x576.jpg 768w\" sizes=\"auto, (max-width: 1000px) 100vw, 1000px\" \/>\n\t\t\t<\/div><\/figure>\n\t\t<\/div>\n\n<\/div>\n","protected":false},"excerpt":{"rendered":"<p>Projekt Etnografskog muzeja i Radija Kaj \u201eDajmo djeci korijene i krila\u201c nastavljen&#8230;<\/p>\n<div class=\"more-link-wrapper\"><a class=\"more-link\" href=\"https:\/\/kaj.hr\/korijeni\/igracke-u-djecjem-vrticu-kolibri\/\">Vi\u0161e&#8230;<span class=\"screen-reader-text\">Igra\u010dke u Dje\u010djem vrti\u0107u Kolibri<\/span><\/a><\/div>\n","protected":false},"author":1,"featured_media":162,"comment_status":"closed","ping_status":"closed","sticky":false,"template":"","format":"standard","meta":{"footnotes":""},"categories":[1],"tags":[],"class_list":["post-161","post","type-post","status-publish","format-standard","has-post-thumbnail","hentry","category-uncategorized","ratio-16-9","entry"],"yoast_head":"<!-- This site is optimized with the Yoast SEO plugin v24.4 - https:\/\/yoast.com\/wordpress\/plugins\/seo\/ -->\n<title>Igra\u010dke u Dje\u010djem vrti\u0107u Kolibri - Korijeni i krila<\/title>\n<meta name=\"robots\" content=\"index, follow, max-snippet:-1, max-image-preview:large, max-video-preview:-1\" \/>\n<link rel=\"canonical\" href=\"https:\/\/kaj.hr\/korijeni\/igracke-u-djecjem-vrticu-kolibri\/\" \/>\n<meta property=\"og:locale\" content=\"hr_HR\" \/>\n<meta property=\"og:type\" content=\"article\" \/>\n<meta property=\"og:title\" content=\"Igra\u010dke u Dje\u010djem vrti\u0107u Kolibri - Korijeni i krila\" \/>\n<meta property=\"og:description\" content=\"Projekt Etnografskog muzeja i Radija Kaj \u201eDajmo djeci korijene i krila\u201c nastavljen&#8230;\" \/>\n<meta property=\"og:url\" content=\"https:\/\/kaj.hr\/korijeni\/igracke-u-djecjem-vrticu-kolibri\/\" \/>\n<meta property=\"og:site_name\" content=\"Korijeni i krila\" \/>\n<meta property=\"article:published_time\" content=\"2018-06-07T13:17:32+00:00\" \/>\n<meta property=\"article:modified_time\" content=\"2019-03-14T13:19:59+00:00\" \/>\n<meta property=\"og:image\" content=\"https:\/\/kaj.hr\/korijeni\/wp-content\/uploads\/2019\/03\/IMG_2944-e1528359911656.jpg\" \/>\n\t<meta property=\"og:image:width\" content=\"1000\" \/>\n\t<meta property=\"og:image:height\" content=\"525\" \/>\n\t<meta property=\"og:image:type\" content=\"image\/jpeg\" \/>\n<meta name=\"author\" content=\"pavlekovic\" \/>\n<meta name=\"twitter:card\" content=\"summary_large_image\" \/>\n<meta name=\"twitter:label1\" content=\"Napisao\/la\" \/>\n\t<meta name=\"twitter:data1\" content=\"pavlekovic\" \/>\n\t<meta name=\"twitter:label2\" content=\"Procijenjeno vrijeme \u010ditanja\" \/>\n\t<meta name=\"twitter:data2\" content=\"1 minuta\" \/>\n<script type=\"application\/ld+json\" class=\"yoast-schema-graph\">{\"@context\":\"https:\/\/schema.org\",\"@graph\":[{\"@type\":\"WebPage\",\"@id\":\"https:\/\/kaj.hr\/korijeni\/igracke-u-djecjem-vrticu-kolibri\/\",\"url\":\"https:\/\/kaj.hr\/korijeni\/igracke-u-djecjem-vrticu-kolibri\/\",\"name\":\"Igra\u010dke u Dje\u010djem vrti\u0107u Kolibri - Korijeni i krila\",\"isPartOf\":{\"@id\":\"https:\/\/kaj.hr\/korijeni\/#website\"},\"primaryImageOfPage\":{\"@id\":\"https:\/\/kaj.hr\/korijeni\/igracke-u-djecjem-vrticu-kolibri\/#primaryimage\"},\"image\":{\"@id\":\"https:\/\/kaj.hr\/korijeni\/igracke-u-djecjem-vrticu-kolibri\/#primaryimage\"},\"thumbnailUrl\":\"https:\/\/kaj.hr\/korijeni\/wp-content\/uploads\/2019\/03\/IMG_2944-e1528359911656.jpg\",\"datePublished\":\"2018-06-07T13:17:32+00:00\",\"dateModified\":\"2019-03-14T13:19:59+00:00\",\"author\":{\"@id\":\"https:\/\/kaj.hr\/korijeni\/#\/schema\/person\/ad224cfd5208650e1f7ab48b355dbdd4\"},\"inLanguage\":\"hr\",\"potentialAction\":[{\"@type\":\"ReadAction\",\"target\":[\"https:\/\/kaj.hr\/korijeni\/igracke-u-djecjem-vrticu-kolibri\/\"]}]},{\"@type\":\"ImageObject\",\"inLanguage\":\"hr\",\"@id\":\"https:\/\/kaj.hr\/korijeni\/igracke-u-djecjem-vrticu-kolibri\/#primaryimage\",\"url\":\"https:\/\/kaj.hr\/korijeni\/wp-content\/uploads\/2019\/03\/IMG_2944-e1528359911656.jpg\",\"contentUrl\":\"https:\/\/kaj.hr\/korijeni\/wp-content\/uploads\/2019\/03\/IMG_2944-e1528359911656.jpg\",\"width\":1000,\"height\":525},{\"@type\":\"WebSite\",\"@id\":\"https:\/\/kaj.hr\/korijeni\/#website\",\"url\":\"https:\/\/kaj.hr\/korijeni\/\",\"name\":\"Korijeni i krila\",\"description\":\"Dajmo djeci korijene i krila  -  hrvatski odgojno-obrazovni projekt Etnografskog muzeja i Radija Kaj\",\"potentialAction\":[{\"@type\":\"SearchAction\",\"target\":{\"@type\":\"EntryPoint\",\"urlTemplate\":\"https:\/\/kaj.hr\/korijeni\/?s={search_term_string}\"},\"query-input\":{\"@type\":\"PropertyValueSpecification\",\"valueRequired\":true,\"valueName\":\"search_term_string\"}}],\"inLanguage\":\"hr\"},{\"@type\":\"Person\",\"@id\":\"https:\/\/kaj.hr\/korijeni\/#\/schema\/person\/ad224cfd5208650e1f7ab48b355dbdd4\",\"name\":\"pavlekovic\",\"url\":\"https:\/\/kaj.hr\/korijeni\/author\/pavlekovic\/\"}]}<\/script>\n<!-- \/ Yoast SEO plugin. -->","yoast_head_json":{"title":"Igra\u010dke u Dje\u010djem vrti\u0107u Kolibri - Korijeni i krila","robots":{"index":"index","follow":"follow","max-snippet":"max-snippet:-1","max-image-preview":"max-image-preview:large","max-video-preview":"max-video-preview:-1"},"canonical":"https:\/\/kaj.hr\/korijeni\/igracke-u-djecjem-vrticu-kolibri\/","og_locale":"hr_HR","og_type":"article","og_title":"Igra\u010dke u Dje\u010djem vrti\u0107u Kolibri - Korijeni i krila","og_description":"Projekt Etnografskog muzeja i Radija Kaj \u201eDajmo djeci korijene i krila\u201c nastavljen&#8230;","og_url":"https:\/\/kaj.hr\/korijeni\/igracke-u-djecjem-vrticu-kolibri\/","og_site_name":"Korijeni i krila","article_published_time":"2018-06-07T13:17:32+00:00","article_modified_time":"2019-03-14T13:19:59+00:00","og_image":[{"width":1000,"height":525,"url":"https:\/\/kaj.hr\/korijeni\/wp-content\/uploads\/2019\/03\/IMG_2944-e1528359911656.jpg","type":"image\/jpeg"}],"author":"pavlekovic","twitter_card":"summary_large_image","twitter_misc":{"Napisao\/la":"pavlekovic","Procijenjeno vrijeme \u010ditanja":"1 minuta"},"schema":{"@context":"https:\/\/schema.org","@graph":[{"@type":"WebPage","@id":"https:\/\/kaj.hr\/korijeni\/igracke-u-djecjem-vrticu-kolibri\/","url":"https:\/\/kaj.hr\/korijeni\/igracke-u-djecjem-vrticu-kolibri\/","name":"Igra\u010dke u Dje\u010djem vrti\u0107u Kolibri - Korijeni i krila","isPartOf":{"@id":"https:\/\/kaj.hr\/korijeni\/#website"},"primaryImageOfPage":{"@id":"https:\/\/kaj.hr\/korijeni\/igracke-u-djecjem-vrticu-kolibri\/#primaryimage"},"image":{"@id":"https:\/\/kaj.hr\/korijeni\/igracke-u-djecjem-vrticu-kolibri\/#primaryimage"},"thumbnailUrl":"https:\/\/kaj.hr\/korijeni\/wp-content\/uploads\/2019\/03\/IMG_2944-e1528359911656.jpg","datePublished":"2018-06-07T13:17:32+00:00","dateModified":"2019-03-14T13:19:59+00:00","author":{"@id":"https:\/\/kaj.hr\/korijeni\/#\/schema\/person\/ad224cfd5208650e1f7ab48b355dbdd4"},"inLanguage":"hr","potentialAction":[{"@type":"ReadAction","target":["https:\/\/kaj.hr\/korijeni\/igracke-u-djecjem-vrticu-kolibri\/"]}]},{"@type":"ImageObject","inLanguage":"hr","@id":"https:\/\/kaj.hr\/korijeni\/igracke-u-djecjem-vrticu-kolibri\/#primaryimage","url":"https:\/\/kaj.hr\/korijeni\/wp-content\/uploads\/2019\/03\/IMG_2944-e1528359911656.jpg","contentUrl":"https:\/\/kaj.hr\/korijeni\/wp-content\/uploads\/2019\/03\/IMG_2944-e1528359911656.jpg","width":1000,"height":525},{"@type":"WebSite","@id":"https:\/\/kaj.hr\/korijeni\/#website","url":"https:\/\/kaj.hr\/korijeni\/","name":"Korijeni i krila","description":"Dajmo djeci korijene i krila  -  hrvatski odgojno-obrazovni projekt Etnografskog muzeja i Radija Kaj","potentialAction":[{"@type":"SearchAction","target":{"@type":"EntryPoint","urlTemplate":"https:\/\/kaj.hr\/korijeni\/?s={search_term_string}"},"query-input":{"@type":"PropertyValueSpecification","valueRequired":true,"valueName":"search_term_string"}}],"inLanguage":"hr"},{"@type":"Person","@id":"https:\/\/kaj.hr\/korijeni\/#\/schema\/person\/ad224cfd5208650e1f7ab48b355dbdd4","name":"pavlekovic","url":"https:\/\/kaj.hr\/korijeni\/author\/pavlekovic\/"}]}},"_links":{"self":[{"href":"https:\/\/kaj.hr\/korijeni\/wp-json\/wp\/v2\/posts\/161","targetHints":{"allow":["GET"]}}],"collection":[{"href":"https:\/\/kaj.hr\/korijeni\/wp-json\/wp\/v2\/posts"}],"about":[{"href":"https:\/\/kaj.hr\/korijeni\/wp-json\/wp\/v2\/types\/post"}],"author":[{"embeddable":true,"href":"https:\/\/kaj.hr\/korijeni\/wp-json\/wp\/v2\/users\/1"}],"replies":[{"embeddable":true,"href":"https:\/\/kaj.hr\/korijeni\/wp-json\/wp\/v2\/comments?post=161"}],"version-history":[{"count":3,"href":"https:\/\/kaj.hr\/korijeni\/wp-json\/wp\/v2\/posts\/161\/revisions"}],"predecessor-version":[{"id":169,"href":"https:\/\/kaj.hr\/korijeni\/wp-json\/wp\/v2\/posts\/161\/revisions\/169"}],"wp:featuredmedia":[{"embeddable":true,"href":"https:\/\/kaj.hr\/korijeni\/wp-json\/wp\/v2\/media\/162"}],"wp:attachment":[{"href":"https:\/\/kaj.hr\/korijeni\/wp-json\/wp\/v2\/media?parent=161"}],"wp:term":[{"taxonomy":"category","embeddable":true,"href":"https:\/\/kaj.hr\/korijeni\/wp-json\/wp\/v2\/categories?post=161"},{"taxonomy":"post_tag","embeddable":true,"href":"https:\/\/kaj.hr\/korijeni\/wp-json\/wp\/v2\/tags?post=161"}],"curies":[{"name":"wp","href":"https:\/\/api.w.org\/{rel}","templated":true}]}}