{"id":151,"date":"2018-08-27T13:14:10","date_gmt":"2018-08-27T13:14:10","guid":{"rendered":"https:\/\/korijeni.hr\/?p=151"},"modified":"2019-03-14T13:17:03","modified_gmt":"2019-03-14T13:17:03","slug":"korijeni-i-krila-u-rijeci","status":"publish","type":"post","link":"https:\/\/kaj.hr\/korijeni\/korijeni-i-krila-u-rijeci\/","title":{"rendered":"Korijeni i krila u Rijeci"},"content":{"rendered":"<p>Veliki odgojno obrazovni projekt Radija Kaj i zagreba\u010dkog Etnografskog muzeja \u201eDajmo djeci korijene i krila\u201c nastavljen je danas u rije\u010dkom Dje\u010djem vrti\u0107u Mavrica. Polaznici vrti\u0107a dobili su na dar od Krapinsko-zagorske \u017eupanije veliki paket tradicijskih drvenih igra\u010daka iz Marije Bistrice. U dru\u0161tvu autorice projekta \u201cDajmo djeci korijene i krila\u201d Mirjane Drobina iz Etnografskog muzeja i vi\u0161e stru\u010dne suradnice u Narodnim novinama, koje su partner u projektu, Valerije Osre\u010dak Klju\u010dari\u0107, te zamjenika gradona\u010delnika Rijeke Marka Filipovi\u0107a, pro\u010delnica \u017eupanijskog Ureda za gospodarstvo Sanja Mihovili\u0107 uru\u010dila je ravnateljici vrti\u0107a Davorki Gu\u0161tin. Ina\u010de, vrti\u0107 Mavrica peti je na podru\u010dju grada Rijeke kamo su, zahvaljuju\u0107i Krapinsko-zagorskoj \u017eupaniji, stigle tradicijske drvene igra\u010dke.<\/p>\n<div id='gallery-1' class='gallery galleryid-151 gallery-columns-1 gallery-size-full'><figure class='gallery-item'>\n\t\t\t<div class='gallery-icon landscape'>\n\t\t\t\t<img loading=\"lazy\" decoding=\"async\" width=\"1000\" height=\"750\" src=\"https:\/\/kaj.hr\/korijeni\/wp-content\/uploads\/2019\/03\/IMG_20180828_132206.jpg\" class=\"attachment-full size-full\" alt=\"\" srcset=\"https:\/\/kaj.hr\/korijeni\/wp-content\/uploads\/2019\/03\/IMG_20180828_132206.jpg 1000w, https:\/\/kaj.hr\/korijeni\/wp-content\/uploads\/2019\/03\/IMG_20180828_132206-300x225.jpg 300w, https:\/\/kaj.hr\/korijeni\/wp-content\/uploads\/2019\/03\/IMG_20180828_132206-768x576.jpg 768w\" sizes=\"auto, (max-width: 1000px) 100vw, 1000px\" \/>\n\t\t\t<\/div><\/figure><figure class='gallery-item'>\n\t\t\t<div class='gallery-icon landscape'>\n\t\t\t\t<img loading=\"lazy\" decoding=\"async\" width=\"1000\" height=\"621\" src=\"https:\/\/kaj.hr\/korijeni\/wp-content\/uploads\/2019\/03\/IMG_20180828_132154.jpg\" class=\"attachment-full size-full\" alt=\"\" srcset=\"https:\/\/kaj.hr\/korijeni\/wp-content\/uploads\/2019\/03\/IMG_20180828_132154.jpg 1000w, https:\/\/kaj.hr\/korijeni\/wp-content\/uploads\/2019\/03\/IMG_20180828_132154-300x186.jpg 300w, https:\/\/kaj.hr\/korijeni\/wp-content\/uploads\/2019\/03\/IMG_20180828_132154-768x477.jpg 768w\" sizes=\"auto, (max-width: 1000px) 100vw, 1000px\" \/>\n\t\t\t<\/div><\/figure><figure class='gallery-item'>\n\t\t\t<div class='gallery-icon landscape'>\n\t\t\t\t<img loading=\"lazy\" decoding=\"async\" width=\"1000\" height=\"964\" src=\"https:\/\/kaj.hr\/korijeni\/wp-content\/uploads\/2019\/03\/IMG_3433.jpg\" class=\"attachment-full size-full\" alt=\"\" srcset=\"https:\/\/kaj.hr\/korijeni\/wp-content\/uploads\/2019\/03\/IMG_3433.jpg 1000w, https:\/\/kaj.hr\/korijeni\/wp-content\/uploads\/2019\/03\/IMG_3433-300x289.jpg 300w, https:\/\/kaj.hr\/korijeni\/wp-content\/uploads\/2019\/03\/IMG_3433-768x740.jpg 768w\" sizes=\"auto, (max-width: 1000px) 100vw, 1000px\" \/>\n\t\t\t<\/div><\/figure><figure class='gallery-item'>\n\t\t\t<div class='gallery-icon landscape'>\n\t\t\t\t<img loading=\"lazy\" decoding=\"async\" width=\"1000\" height=\"750\" src=\"https:\/\/kaj.hr\/korijeni\/wp-content\/uploads\/2019\/03\/IMG_3430.jpg\" class=\"attachment-full size-full\" alt=\"\" srcset=\"https:\/\/kaj.hr\/korijeni\/wp-content\/uploads\/2019\/03\/IMG_3430.jpg 1000w, https:\/\/kaj.hr\/korijeni\/wp-content\/uploads\/2019\/03\/IMG_3430-300x225.jpg 300w, https:\/\/kaj.hr\/korijeni\/wp-content\/uploads\/2019\/03\/IMG_3430-768x576.jpg 768w\" sizes=\"auto, (max-width: 1000px) 100vw, 1000px\" \/>\n\t\t\t<\/div><\/figure><figure class='gallery-item'>\n\t\t\t<div class='gallery-icon landscape'>\n\t\t\t\t<img loading=\"lazy\" decoding=\"async\" width=\"1000\" height=\"750\" src=\"https:\/\/kaj.hr\/korijeni\/wp-content\/uploads\/2019\/03\/IMG_3422.jpg\" class=\"attachment-full size-full\" alt=\"\" srcset=\"https:\/\/kaj.hr\/korijeni\/wp-content\/uploads\/2019\/03\/IMG_3422.jpg 1000w, https:\/\/kaj.hr\/korijeni\/wp-content\/uploads\/2019\/03\/IMG_3422-300x225.jpg 300w, https:\/\/kaj.hr\/korijeni\/wp-content\/uploads\/2019\/03\/IMG_3422-768x576.jpg 768w\" sizes=\"auto, (max-width: 1000px) 100vw, 1000px\" \/>\n\t\t\t<\/div><\/figure><figure class='gallery-item'>\n\t\t\t<div class='gallery-icon landscape'>\n\t\t\t\t<img loading=\"lazy\" decoding=\"async\" width=\"1000\" height=\"750\" src=\"https:\/\/kaj.hr\/korijeni\/wp-content\/uploads\/2019\/03\/IMG_3392.jpg\" class=\"attachment-full size-full\" alt=\"\" srcset=\"https:\/\/kaj.hr\/korijeni\/wp-content\/uploads\/2019\/03\/IMG_3392.jpg 1000w, https:\/\/kaj.hr\/korijeni\/wp-content\/uploads\/2019\/03\/IMG_3392-300x225.jpg 300w, https:\/\/kaj.hr\/korijeni\/wp-content\/uploads\/2019\/03\/IMG_3392-768x576.jpg 768w\" sizes=\"auto, (max-width: 1000px) 100vw, 1000px\" \/>\n\t\t\t<\/div><\/figure><figure class='gallery-item'>\n\t\t\t<div class='gallery-icon landscape'>\n\t\t\t\t<img loading=\"lazy\" decoding=\"async\" width=\"1000\" height=\"789\" src=\"https:\/\/kaj.hr\/korijeni\/wp-content\/uploads\/2019\/03\/IMG_3391.jpg\" class=\"attachment-full size-full\" alt=\"\" srcset=\"https:\/\/kaj.hr\/korijeni\/wp-content\/uploads\/2019\/03\/IMG_3391.jpg 1000w, https:\/\/kaj.hr\/korijeni\/wp-content\/uploads\/2019\/03\/IMG_3391-300x237.jpg 300w, https:\/\/kaj.hr\/korijeni\/wp-content\/uploads\/2019\/03\/IMG_3391-768x606.jpg 768w\" sizes=\"auto, (max-width: 1000px) 100vw, 1000px\" \/>\n\t\t\t<\/div><\/figure>\n\t\t<\/div>\n\n<div id=\"gallery-1\" class=\"gallery galleryid-38443 gallery-columns-1 gallery-size-full\"><\/div>\n","protected":false},"excerpt":{"rendered":"<p>Veliki odgojno obrazovni projekt Radija Kaj i zagreba\u010dkog Etnografskog muzeja \u201eDajmo djeci&#8230;<\/p>\n<div class=\"more-link-wrapper\"><a class=\"more-link\" href=\"https:\/\/kaj.hr\/korijeni\/korijeni-i-krila-u-rijeci\/\">Vi\u0161e&#8230;<span class=\"screen-reader-text\">Korijeni i krila u Rijeci<\/span><\/a><\/div>\n","protected":false},"author":1,"featured_media":152,"comment_status":"closed","ping_status":"closed","sticky":false,"template":"","format":"standard","meta":{"footnotes":""},"categories":[1],"tags":[],"class_list":["post-151","post","type-post","status-publish","format-standard","has-post-thumbnail","hentry","category-uncategorized","ratio-16-9","entry"],"yoast_head":"<!-- This site is optimized with the Yoast SEO plugin v24.4 - https:\/\/yoast.com\/wordpress\/plugins\/seo\/ -->\n<title>Korijeni i krila u Rijeci - Korijeni i krila<\/title>\n<meta name=\"robots\" content=\"index, follow, max-snippet:-1, max-image-preview:large, max-video-preview:-1\" \/>\n<link rel=\"canonical\" href=\"https:\/\/kaj.hr\/korijeni\/korijeni-i-krila-u-rijeci\/\" \/>\n<meta property=\"og:locale\" content=\"hr_HR\" \/>\n<meta property=\"og:type\" content=\"article\" \/>\n<meta property=\"og:title\" content=\"Korijeni i krila u Rijeci - Korijeni i krila\" \/>\n<meta property=\"og:description\" content=\"Veliki odgojno obrazovni projekt Radija Kaj i zagreba\u010dkog Etnografskog muzeja \u201eDajmo djeci&#8230;\" \/>\n<meta property=\"og:url\" content=\"https:\/\/kaj.hr\/korijeni\/korijeni-i-krila-u-rijeci\/\" \/>\n<meta property=\"og:site_name\" content=\"Korijeni i krila\" \/>\n<meta property=\"article:published_time\" content=\"2018-08-27T13:14:10+00:00\" \/>\n<meta property=\"article:modified_time\" content=\"2019-03-14T13:17:03+00:00\" \/>\n<meta property=\"og:image\" content=\"https:\/\/kaj.hr\/korijeni\/wp-content\/uploads\/2019\/03\/IMG_20180828_132326.jpg\" \/>\n\t<meta property=\"og:image:width\" content=\"1000\" \/>\n\t<meta property=\"og:image:height\" content=\"555\" \/>\n\t<meta property=\"og:image:type\" content=\"image\/jpeg\" \/>\n<meta name=\"author\" content=\"pavlekovic\" \/>\n<meta name=\"twitter:card\" content=\"summary_large_image\" \/>\n<meta name=\"twitter:label1\" content=\"Napisao\/la\" \/>\n\t<meta name=\"twitter:data1\" content=\"pavlekovic\" \/>\n\t<meta name=\"twitter:label2\" content=\"Procijenjeno vrijeme \u010ditanja\" \/>\n\t<meta name=\"twitter:data2\" content=\"1 minuta\" \/>\n<script type=\"application\/ld+json\" class=\"yoast-schema-graph\">{\"@context\":\"https:\/\/schema.org\",\"@graph\":[{\"@type\":\"WebPage\",\"@id\":\"https:\/\/kaj.hr\/korijeni\/korijeni-i-krila-u-rijeci\/\",\"url\":\"https:\/\/kaj.hr\/korijeni\/korijeni-i-krila-u-rijeci\/\",\"name\":\"Korijeni i krila u Rijeci - Korijeni i krila\",\"isPartOf\":{\"@id\":\"https:\/\/kaj.hr\/korijeni\/#website\"},\"primaryImageOfPage\":{\"@id\":\"https:\/\/kaj.hr\/korijeni\/korijeni-i-krila-u-rijeci\/#primaryimage\"},\"image\":{\"@id\":\"https:\/\/kaj.hr\/korijeni\/korijeni-i-krila-u-rijeci\/#primaryimage\"},\"thumbnailUrl\":\"https:\/\/kaj.hr\/korijeni\/wp-content\/uploads\/2019\/03\/IMG_20180828_132326.jpg\",\"datePublished\":\"2018-08-27T13:14:10+00:00\",\"dateModified\":\"2019-03-14T13:17:03+00:00\",\"author\":{\"@id\":\"https:\/\/kaj.hr\/korijeni\/#\/schema\/person\/ad224cfd5208650e1f7ab48b355dbdd4\"},\"inLanguage\":\"hr\",\"potentialAction\":[{\"@type\":\"ReadAction\",\"target\":[\"https:\/\/kaj.hr\/korijeni\/korijeni-i-krila-u-rijeci\/\"]}]},{\"@type\":\"ImageObject\",\"inLanguage\":\"hr\",\"@id\":\"https:\/\/kaj.hr\/korijeni\/korijeni-i-krila-u-rijeci\/#primaryimage\",\"url\":\"https:\/\/kaj.hr\/korijeni\/wp-content\/uploads\/2019\/03\/IMG_20180828_132326.jpg\",\"contentUrl\":\"https:\/\/kaj.hr\/korijeni\/wp-content\/uploads\/2019\/03\/IMG_20180828_132326.jpg\",\"width\":1000,\"height\":555},{\"@type\":\"WebSite\",\"@id\":\"https:\/\/kaj.hr\/korijeni\/#website\",\"url\":\"https:\/\/kaj.hr\/korijeni\/\",\"name\":\"Korijeni i krila\",\"description\":\"Dajmo djeci korijene i krila  -  hrvatski odgojno-obrazovni projekt Etnografskog muzeja i Radija Kaj\",\"potentialAction\":[{\"@type\":\"SearchAction\",\"target\":{\"@type\":\"EntryPoint\",\"urlTemplate\":\"https:\/\/kaj.hr\/korijeni\/?s={search_term_string}\"},\"query-input\":{\"@type\":\"PropertyValueSpecification\",\"valueRequired\":true,\"valueName\":\"search_term_string\"}}],\"inLanguage\":\"hr\"},{\"@type\":\"Person\",\"@id\":\"https:\/\/kaj.hr\/korijeni\/#\/schema\/person\/ad224cfd5208650e1f7ab48b355dbdd4\",\"name\":\"pavlekovic\",\"url\":\"https:\/\/kaj.hr\/korijeni\/author\/pavlekovic\/\"}]}<\/script>\n<!-- \/ Yoast SEO plugin. -->","yoast_head_json":{"title":"Korijeni i krila u Rijeci - Korijeni i krila","robots":{"index":"index","follow":"follow","max-snippet":"max-snippet:-1","max-image-preview":"max-image-preview:large","max-video-preview":"max-video-preview:-1"},"canonical":"https:\/\/kaj.hr\/korijeni\/korijeni-i-krila-u-rijeci\/","og_locale":"hr_HR","og_type":"article","og_title":"Korijeni i krila u Rijeci - Korijeni i krila","og_description":"Veliki odgojno obrazovni projekt Radija Kaj i zagreba\u010dkog Etnografskog muzeja \u201eDajmo djeci&#8230;","og_url":"https:\/\/kaj.hr\/korijeni\/korijeni-i-krila-u-rijeci\/","og_site_name":"Korijeni i krila","article_published_time":"2018-08-27T13:14:10+00:00","article_modified_time":"2019-03-14T13:17:03+00:00","og_image":[{"width":1000,"height":555,"url":"https:\/\/kaj.hr\/korijeni\/wp-content\/uploads\/2019\/03\/IMG_20180828_132326.jpg","type":"image\/jpeg"}],"author":"pavlekovic","twitter_card":"summary_large_image","twitter_misc":{"Napisao\/la":"pavlekovic","Procijenjeno vrijeme \u010ditanja":"1 minuta"},"schema":{"@context":"https:\/\/schema.org","@graph":[{"@type":"WebPage","@id":"https:\/\/kaj.hr\/korijeni\/korijeni-i-krila-u-rijeci\/","url":"https:\/\/kaj.hr\/korijeni\/korijeni-i-krila-u-rijeci\/","name":"Korijeni i krila u Rijeci - Korijeni i krila","isPartOf":{"@id":"https:\/\/kaj.hr\/korijeni\/#website"},"primaryImageOfPage":{"@id":"https:\/\/kaj.hr\/korijeni\/korijeni-i-krila-u-rijeci\/#primaryimage"},"image":{"@id":"https:\/\/kaj.hr\/korijeni\/korijeni-i-krila-u-rijeci\/#primaryimage"},"thumbnailUrl":"https:\/\/kaj.hr\/korijeni\/wp-content\/uploads\/2019\/03\/IMG_20180828_132326.jpg","datePublished":"2018-08-27T13:14:10+00:00","dateModified":"2019-03-14T13:17:03+00:00","author":{"@id":"https:\/\/kaj.hr\/korijeni\/#\/schema\/person\/ad224cfd5208650e1f7ab48b355dbdd4"},"inLanguage":"hr","potentialAction":[{"@type":"ReadAction","target":["https:\/\/kaj.hr\/korijeni\/korijeni-i-krila-u-rijeci\/"]}]},{"@type":"ImageObject","inLanguage":"hr","@id":"https:\/\/kaj.hr\/korijeni\/korijeni-i-krila-u-rijeci\/#primaryimage","url":"https:\/\/kaj.hr\/korijeni\/wp-content\/uploads\/2019\/03\/IMG_20180828_132326.jpg","contentUrl":"https:\/\/kaj.hr\/korijeni\/wp-content\/uploads\/2019\/03\/IMG_20180828_132326.jpg","width":1000,"height":555},{"@type":"WebSite","@id":"https:\/\/kaj.hr\/korijeni\/#website","url":"https:\/\/kaj.hr\/korijeni\/","name":"Korijeni i krila","description":"Dajmo djeci korijene i krila  -  hrvatski odgojno-obrazovni projekt Etnografskog muzeja i Radija Kaj","potentialAction":[{"@type":"SearchAction","target":{"@type":"EntryPoint","urlTemplate":"https:\/\/kaj.hr\/korijeni\/?s={search_term_string}"},"query-input":{"@type":"PropertyValueSpecification","valueRequired":true,"valueName":"search_term_string"}}],"inLanguage":"hr"},{"@type":"Person","@id":"https:\/\/kaj.hr\/korijeni\/#\/schema\/person\/ad224cfd5208650e1f7ab48b355dbdd4","name":"pavlekovic","url":"https:\/\/kaj.hr\/korijeni\/author\/pavlekovic\/"}]}},"_links":{"self":[{"href":"https:\/\/kaj.hr\/korijeni\/wp-json\/wp\/v2\/posts\/151","targetHints":{"allow":["GET"]}}],"collection":[{"href":"https:\/\/kaj.hr\/korijeni\/wp-json\/wp\/v2\/posts"}],"about":[{"href":"https:\/\/kaj.hr\/korijeni\/wp-json\/wp\/v2\/types\/post"}],"author":[{"embeddable":true,"href":"https:\/\/kaj.hr\/korijeni\/wp-json\/wp\/v2\/users\/1"}],"replies":[{"embeddable":true,"href":"https:\/\/kaj.hr\/korijeni\/wp-json\/wp\/v2\/comments?post=151"}],"version-history":[{"count":1,"href":"https:\/\/kaj.hr\/korijeni\/wp-json\/wp\/v2\/posts\/151\/revisions"}],"predecessor-version":[{"id":160,"href":"https:\/\/kaj.hr\/korijeni\/wp-json\/wp\/v2\/posts\/151\/revisions\/160"}],"wp:featuredmedia":[{"embeddable":true,"href":"https:\/\/kaj.hr\/korijeni\/wp-json\/wp\/v2\/media\/152"}],"wp:attachment":[{"href":"https:\/\/kaj.hr\/korijeni\/wp-json\/wp\/v2\/media?parent=151"}],"wp:term":[{"taxonomy":"category","embeddable":true,"href":"https:\/\/kaj.hr\/korijeni\/wp-json\/wp\/v2\/categories?post=151"},{"taxonomy":"post_tag","embeddable":true,"href":"https:\/\/kaj.hr\/korijeni\/wp-json\/wp\/v2\/tags?post=151"}],"curies":[{"name":"wp","href":"https:\/\/api.w.org\/{rel}","templated":true}]}}