{"id":144,"date":"2018-10-11T13:10:54","date_gmt":"2018-10-11T13:10:54","guid":{"rendered":"https:\/\/korijeni.hr\/?p=144"},"modified":"2019-03-14T13:12:55","modified_gmt":"2019-03-14T13:12:55","slug":"drvene-igracke-u-preckom","status":"publish","type":"post","link":"https:\/\/kaj.hr\/korijeni\/drvene-igracke-u-preckom\/","title":{"rendered":"Drvene igra\u010dke u Pre\u010dkom"},"content":{"rendered":"<p>U Dje\u010djem vrti\u0107u Pre\u010dko, u Zagrebu, nastavljen je u \u010detvrtak, 11. listopada 2018. godine, vi\u0161egodi\u0161nji veliki hrvatski odgojno-obrazovni projekt Dajmo djeci korijene i krila, kojeg zajedno provode Etnografski muzej iz Zagreba i Radio Kaj. Ravnateljici DV-a Pre\u010dko Mirjani Celi\u0107, tradicijske drvene igra\u010dke, proizvedene u Mariji Bistrici, u ime gradona\u010delnika Zagreba Milana Bandi\u0107a, koji je omogu\u0107io podjelu, uru\u010dila je predstavnica gradskog Ureda za obrazovanje Heda \u0160logar. Projekt Dajmo djeci korijene i krila, autorice Mirjane Drobina, podr\u017eavaju Ministarstvo kulture Republike Hrvatske, Janaf i Narodne novine, a ova podjela igra\u010daka je 103. od po\u010detka provedbe projekta, kojim su obuhva\u0107eni dje\u010dji vrti\u0107i diljem Hrvatske.<\/p>\n<div id='gallery-1' class='gallery galleryid-144 gallery-columns-1 gallery-size-full'><figure class='gallery-item'>\n\t\t\t<div class='gallery-icon landscape'>\n\t\t\t\t<img loading=\"lazy\" decoding=\"async\" width=\"1000\" height=\"638\" src=\"https:\/\/kaj.hr\/korijeni\/wp-content\/uploads\/2019\/03\/IMG_3531.jpg\" class=\"attachment-full size-full\" alt=\"\" srcset=\"https:\/\/kaj.hr\/korijeni\/wp-content\/uploads\/2019\/03\/IMG_3531.jpg 1000w, https:\/\/kaj.hr\/korijeni\/wp-content\/uploads\/2019\/03\/IMG_3531-300x191.jpg 300w, https:\/\/kaj.hr\/korijeni\/wp-content\/uploads\/2019\/03\/IMG_3531-768x490.jpg 768w\" sizes=\"auto, (max-width: 1000px) 100vw, 1000px\" \/>\n\t\t\t<\/div><\/figure><figure class='gallery-item'>\n\t\t\t<div class='gallery-icon landscape'>\n\t\t\t\t<img loading=\"lazy\" decoding=\"async\" width=\"1000\" height=\"636\" src=\"https:\/\/kaj.hr\/korijeni\/wp-content\/uploads\/2019\/03\/IMG_3534.jpg\" class=\"attachment-full size-full\" alt=\"\" srcset=\"https:\/\/kaj.hr\/korijeni\/wp-content\/uploads\/2019\/03\/IMG_3534.jpg 1000w, https:\/\/kaj.hr\/korijeni\/wp-content\/uploads\/2019\/03\/IMG_3534-300x191.jpg 300w, https:\/\/kaj.hr\/korijeni\/wp-content\/uploads\/2019\/03\/IMG_3534-768x488.jpg 768w\" sizes=\"auto, (max-width: 1000px) 100vw, 1000px\" \/>\n\t\t\t<\/div><\/figure><figure class='gallery-item'>\n\t\t\t<div class='gallery-icon landscape'>\n\t\t\t\t<img loading=\"lazy\" decoding=\"async\" width=\"1000\" height=\"753\" src=\"https:\/\/kaj.hr\/korijeni\/wp-content\/uploads\/2019\/03\/IMG_3536.jpg\" class=\"attachment-full size-full\" alt=\"\" srcset=\"https:\/\/kaj.hr\/korijeni\/wp-content\/uploads\/2019\/03\/IMG_3536.jpg 1000w, https:\/\/kaj.hr\/korijeni\/wp-content\/uploads\/2019\/03\/IMG_3536-300x226.jpg 300w, https:\/\/kaj.hr\/korijeni\/wp-content\/uploads\/2019\/03\/IMG_3536-768x578.jpg 768w\" sizes=\"auto, (max-width: 1000px) 100vw, 1000px\" \/>\n\t\t\t<\/div><\/figure><figure class='gallery-item'>\n\t\t\t<div class='gallery-icon landscape'>\n\t\t\t\t<img loading=\"lazy\" decoding=\"async\" width=\"1000\" height=\"783\" src=\"https:\/\/kaj.hr\/korijeni\/wp-content\/uploads\/2019\/03\/IMG_3545.jpg\" class=\"attachment-full size-full\" alt=\"\" srcset=\"https:\/\/kaj.hr\/korijeni\/wp-content\/uploads\/2019\/03\/IMG_3545.jpg 1000w, https:\/\/kaj.hr\/korijeni\/wp-content\/uploads\/2019\/03\/IMG_3545-300x235.jpg 300w, https:\/\/kaj.hr\/korijeni\/wp-content\/uploads\/2019\/03\/IMG_3545-768x601.jpg 768w\" sizes=\"auto, (max-width: 1000px) 100vw, 1000px\" \/>\n\t\t\t<\/div><\/figure>\n\t\t<\/div>\n\n","protected":false},"excerpt":{"rendered":"<p>U Dje\u010djem vrti\u0107u Pre\u010dko, u Zagrebu, nastavljen je u \u010detvrtak, 11. listopada&#8230;<\/p>\n<div class=\"more-link-wrapper\"><a class=\"more-link\" href=\"https:\/\/kaj.hr\/korijeni\/drvene-igracke-u-preckom\/\">Vi\u0161e&#8230;<span class=\"screen-reader-text\">Drvene igra\u010dke u Pre\u010dkom<\/span><\/a><\/div>\n","protected":false},"author":1,"featured_media":145,"comment_status":"closed","ping_status":"closed","sticky":false,"template":"","format":"standard","meta":{"footnotes":""},"categories":[1],"tags":[],"class_list":["post-144","post","type-post","status-publish","format-standard","has-post-thumbnail","hentry","category-uncategorized","ratio-16-9","entry"],"yoast_head":"<!-- This site is optimized with the Yoast SEO plugin v24.4 - https:\/\/yoast.com\/wordpress\/plugins\/seo\/ -->\n<title>Drvene igra\u010dke u Pre\u010dkom - Korijeni i krila<\/title>\n<meta name=\"robots\" content=\"index, follow, max-snippet:-1, max-image-preview:large, max-video-preview:-1\" \/>\n<link rel=\"canonical\" href=\"https:\/\/kaj.hr\/korijeni\/drvene-igracke-u-preckom\/\" \/>\n<meta property=\"og:locale\" content=\"hr_HR\" \/>\n<meta property=\"og:type\" content=\"article\" \/>\n<meta property=\"og:title\" content=\"Drvene igra\u010dke u Pre\u010dkom - Korijeni i krila\" \/>\n<meta property=\"og:description\" content=\"U Dje\u010djem vrti\u0107u Pre\u010dko, u Zagrebu, nastavljen je u \u010detvrtak, 11. listopada&#8230;\" \/>\n<meta property=\"og:url\" content=\"https:\/\/kaj.hr\/korijeni\/drvene-igracke-u-preckom\/\" \/>\n<meta property=\"og:site_name\" content=\"Korijeni i krila\" \/>\n<meta property=\"article:published_time\" content=\"2018-10-11T13:10:54+00:00\" \/>\n<meta property=\"article:modified_time\" content=\"2019-03-14T13:12:55+00:00\" \/>\n<meta property=\"og:image\" content=\"https:\/\/kaj.hr\/korijeni\/wp-content\/uploads\/2019\/03\/IMG_3538.jpg\" \/>\n\t<meta property=\"og:image:width\" content=\"1000\" \/>\n\t<meta property=\"og:image:height\" content=\"583\" \/>\n\t<meta property=\"og:image:type\" content=\"image\/jpeg\" \/>\n<meta name=\"author\" content=\"pavlekovic\" \/>\n<meta name=\"twitter:card\" content=\"summary_large_image\" \/>\n<meta name=\"twitter:label1\" content=\"Napisao\/la\" \/>\n\t<meta name=\"twitter:data1\" content=\"pavlekovic\" \/>\n\t<meta name=\"twitter:label2\" content=\"Procijenjeno vrijeme \u010ditanja\" \/>\n\t<meta name=\"twitter:data2\" content=\"1 minuta\" \/>\n<script type=\"application\/ld+json\" class=\"yoast-schema-graph\">{\"@context\":\"https:\/\/schema.org\",\"@graph\":[{\"@type\":\"WebPage\",\"@id\":\"https:\/\/kaj.hr\/korijeni\/drvene-igracke-u-preckom\/\",\"url\":\"https:\/\/kaj.hr\/korijeni\/drvene-igracke-u-preckom\/\",\"name\":\"Drvene igra\u010dke u Pre\u010dkom - Korijeni i krila\",\"isPartOf\":{\"@id\":\"https:\/\/kaj.hr\/korijeni\/#website\"},\"primaryImageOfPage\":{\"@id\":\"https:\/\/kaj.hr\/korijeni\/drvene-igracke-u-preckom\/#primaryimage\"},\"image\":{\"@id\":\"https:\/\/kaj.hr\/korijeni\/drvene-igracke-u-preckom\/#primaryimage\"},\"thumbnailUrl\":\"https:\/\/kaj.hr\/korijeni\/wp-content\/uploads\/2019\/03\/IMG_3538.jpg\",\"datePublished\":\"2018-10-11T13:10:54+00:00\",\"dateModified\":\"2019-03-14T13:12:55+00:00\",\"author\":{\"@id\":\"https:\/\/kaj.hr\/korijeni\/#\/schema\/person\/ad224cfd5208650e1f7ab48b355dbdd4\"},\"inLanguage\":\"hr\",\"potentialAction\":[{\"@type\":\"ReadAction\",\"target\":[\"https:\/\/kaj.hr\/korijeni\/drvene-igracke-u-preckom\/\"]}]},{\"@type\":\"ImageObject\",\"inLanguage\":\"hr\",\"@id\":\"https:\/\/kaj.hr\/korijeni\/drvene-igracke-u-preckom\/#primaryimage\",\"url\":\"https:\/\/kaj.hr\/korijeni\/wp-content\/uploads\/2019\/03\/IMG_3538.jpg\",\"contentUrl\":\"https:\/\/kaj.hr\/korijeni\/wp-content\/uploads\/2019\/03\/IMG_3538.jpg\",\"width\":1000,\"height\":583},{\"@type\":\"WebSite\",\"@id\":\"https:\/\/kaj.hr\/korijeni\/#website\",\"url\":\"https:\/\/kaj.hr\/korijeni\/\",\"name\":\"Korijeni i krila\",\"description\":\"Dajmo djeci korijene i krila  -  hrvatski odgojno-obrazovni projekt Etnografskog muzeja i Radija Kaj\",\"potentialAction\":[{\"@type\":\"SearchAction\",\"target\":{\"@type\":\"EntryPoint\",\"urlTemplate\":\"https:\/\/kaj.hr\/korijeni\/?s={search_term_string}\"},\"query-input\":{\"@type\":\"PropertyValueSpecification\",\"valueRequired\":true,\"valueName\":\"search_term_string\"}}],\"inLanguage\":\"hr\"},{\"@type\":\"Person\",\"@id\":\"https:\/\/kaj.hr\/korijeni\/#\/schema\/person\/ad224cfd5208650e1f7ab48b355dbdd4\",\"name\":\"pavlekovic\",\"url\":\"https:\/\/kaj.hr\/korijeni\/author\/pavlekovic\/\"}]}<\/script>\n<!-- \/ Yoast SEO plugin. -->","yoast_head_json":{"title":"Drvene igra\u010dke u Pre\u010dkom - Korijeni i krila","robots":{"index":"index","follow":"follow","max-snippet":"max-snippet:-1","max-image-preview":"max-image-preview:large","max-video-preview":"max-video-preview:-1"},"canonical":"https:\/\/kaj.hr\/korijeni\/drvene-igracke-u-preckom\/","og_locale":"hr_HR","og_type":"article","og_title":"Drvene igra\u010dke u Pre\u010dkom - Korijeni i krila","og_description":"U Dje\u010djem vrti\u0107u Pre\u010dko, u Zagrebu, nastavljen je u \u010detvrtak, 11. listopada&#8230;","og_url":"https:\/\/kaj.hr\/korijeni\/drvene-igracke-u-preckom\/","og_site_name":"Korijeni i krila","article_published_time":"2018-10-11T13:10:54+00:00","article_modified_time":"2019-03-14T13:12:55+00:00","og_image":[{"width":1000,"height":583,"url":"https:\/\/kaj.hr\/korijeni\/wp-content\/uploads\/2019\/03\/IMG_3538.jpg","type":"image\/jpeg"}],"author":"pavlekovic","twitter_card":"summary_large_image","twitter_misc":{"Napisao\/la":"pavlekovic","Procijenjeno vrijeme \u010ditanja":"1 minuta"},"schema":{"@context":"https:\/\/schema.org","@graph":[{"@type":"WebPage","@id":"https:\/\/kaj.hr\/korijeni\/drvene-igracke-u-preckom\/","url":"https:\/\/kaj.hr\/korijeni\/drvene-igracke-u-preckom\/","name":"Drvene igra\u010dke u Pre\u010dkom - Korijeni i krila","isPartOf":{"@id":"https:\/\/kaj.hr\/korijeni\/#website"},"primaryImageOfPage":{"@id":"https:\/\/kaj.hr\/korijeni\/drvene-igracke-u-preckom\/#primaryimage"},"image":{"@id":"https:\/\/kaj.hr\/korijeni\/drvene-igracke-u-preckom\/#primaryimage"},"thumbnailUrl":"https:\/\/kaj.hr\/korijeni\/wp-content\/uploads\/2019\/03\/IMG_3538.jpg","datePublished":"2018-10-11T13:10:54+00:00","dateModified":"2019-03-14T13:12:55+00:00","author":{"@id":"https:\/\/kaj.hr\/korijeni\/#\/schema\/person\/ad224cfd5208650e1f7ab48b355dbdd4"},"inLanguage":"hr","potentialAction":[{"@type":"ReadAction","target":["https:\/\/kaj.hr\/korijeni\/drvene-igracke-u-preckom\/"]}]},{"@type":"ImageObject","inLanguage":"hr","@id":"https:\/\/kaj.hr\/korijeni\/drvene-igracke-u-preckom\/#primaryimage","url":"https:\/\/kaj.hr\/korijeni\/wp-content\/uploads\/2019\/03\/IMG_3538.jpg","contentUrl":"https:\/\/kaj.hr\/korijeni\/wp-content\/uploads\/2019\/03\/IMG_3538.jpg","width":1000,"height":583},{"@type":"WebSite","@id":"https:\/\/kaj.hr\/korijeni\/#website","url":"https:\/\/kaj.hr\/korijeni\/","name":"Korijeni i krila","description":"Dajmo djeci korijene i krila  -  hrvatski odgojno-obrazovni projekt Etnografskog muzeja i Radija Kaj","potentialAction":[{"@type":"SearchAction","target":{"@type":"EntryPoint","urlTemplate":"https:\/\/kaj.hr\/korijeni\/?s={search_term_string}"},"query-input":{"@type":"PropertyValueSpecification","valueRequired":true,"valueName":"search_term_string"}}],"inLanguage":"hr"},{"@type":"Person","@id":"https:\/\/kaj.hr\/korijeni\/#\/schema\/person\/ad224cfd5208650e1f7ab48b355dbdd4","name":"pavlekovic","url":"https:\/\/kaj.hr\/korijeni\/author\/pavlekovic\/"}]}},"_links":{"self":[{"href":"https:\/\/kaj.hr\/korijeni\/wp-json\/wp\/v2\/posts\/144","targetHints":{"allow":["GET"]}}],"collection":[{"href":"https:\/\/kaj.hr\/korijeni\/wp-json\/wp\/v2\/posts"}],"about":[{"href":"https:\/\/kaj.hr\/korijeni\/wp-json\/wp\/v2\/types\/post"}],"author":[{"embeddable":true,"href":"https:\/\/kaj.hr\/korijeni\/wp-json\/wp\/v2\/users\/1"}],"replies":[{"embeddable":true,"href":"https:\/\/kaj.hr\/korijeni\/wp-json\/wp\/v2\/comments?post=144"}],"version-history":[{"count":1,"href":"https:\/\/kaj.hr\/korijeni\/wp-json\/wp\/v2\/posts\/144\/revisions"}],"predecessor-version":[{"id":150,"href":"https:\/\/kaj.hr\/korijeni\/wp-json\/wp\/v2\/posts\/144\/revisions\/150"}],"wp:featuredmedia":[{"embeddable":true,"href":"https:\/\/kaj.hr\/korijeni\/wp-json\/wp\/v2\/media\/145"}],"wp:attachment":[{"href":"https:\/\/kaj.hr\/korijeni\/wp-json\/wp\/v2\/media?parent=144"}],"wp:term":[{"taxonomy":"category","embeddable":true,"href":"https:\/\/kaj.hr\/korijeni\/wp-json\/wp\/v2\/categories?post=144"},{"taxonomy":"post_tag","embeddable":true,"href":"https:\/\/kaj.hr\/korijeni\/wp-json\/wp\/v2\/tags?post=144"}],"curies":[{"name":"wp","href":"https:\/\/api.w.org\/{rel}","templated":true}]}}