{"id":1238,"date":"2014-01-30T07:15:39","date_gmt":"2014-01-30T07:15:39","guid":{"rendered":"https:\/\/korijeni.hr\/?p=1238"},"modified":"2019-04-24T07:18:40","modified_gmt":"2019-04-24T07:18:40","slug":"djecji-vrtic-pcelica-dubrovnik","status":"publish","type":"post","link":"https:\/\/kaj.hr\/korijeni\/djecji-vrtic-pcelica-dubrovnik\/","title":{"rendered":"Dje\u010dji vrti\u0107 P\u010delica Dubrovnik"},"content":{"rendered":"<p>Uo\u010di blagdana sv. Vlaha \u2013 za\u0161titnika Dubrovnika, najmla\u0111e u Dje\u010djem vrti\u0107u P\u010delica u Dubrovniku, zagreba\u010dki Etnografski muzej i Radio Kaj, u sklopu projekta \u201eDajmo djeci korijene i krila\u201c, obradovali su u \u010detvrtak 30. sije\u010dnja 2014. godine tradicijskim drvenim igra\u010dkama proizvedenim u Hrvatskom zagorju.<\/p>\n<p>U ime organizatora igra\u010dke je ravnateljici Dje\u010djih vrti\u0107a Dubrovnika Boji Milan -Musta\u0107 uru\u010dio gradona\u010delnik Dubrovnika Andro Vlahu\u0161i\u0107.<\/p>\n<p>O projektu \u201eDajmo djeci korijene i krila\u201c govorila je autorica Mirjana Drobina iz Etnografskog muzeja. Laboratorij zabave za mali\u0161ane je izveo prigodnu predstavu, dok je Davor \u010covi\u0107, rukovoditelj veleprodaje Narodnih novina, partnera u projektu, djeci uru\u010dio poklon paket crta\u0107eg pribora.<\/p>\n<p>Ina\u010de, Etnografski muzej Zagreb i Radio Kaj s provedbom odgojno-obrazovnog projekta \u201eDajmo djeci korijene i krila\u201c krenuli su u rujnu pro\u0161le godine, a u ovih nekoliko mjeseci polaznici brojnih dje\u010djih vrti\u0107a u gotovo svim dijelovima Hrvatske darivani su tradicijskim drvenim igra\u010dkama, uvr\u0161tenim na UNESCO-vu reprezentativnu listu za\u0161ti\u0107ene kulturne ba\u0161tine.<\/p>\n<p>Akcija se nastavlja jer je cilj najmla\u0111ima dati korijene identiteta i krila ma\u0161te \u2013 koje \u0107e pronijeti kroz \u017eivot.<\/p>\n<p><img loading=\"lazy\" decoding=\"async\" class=\"aligncenter size-full wp-image-1240\" src=\"https:\/\/kaj.hr\/korijeni\/wp-content\/uploads\/2019\/04\/dubrovnik4.jpg\" alt=\"\" width=\"1027\" height=\"770\" srcset=\"https:\/\/kaj.hr\/korijeni\/wp-content\/uploads\/2019\/04\/dubrovnik4.jpg 1027w, https:\/\/kaj.hr\/korijeni\/wp-content\/uploads\/2019\/04\/dubrovnik4-300x225.jpg 300w, https:\/\/kaj.hr\/korijeni\/wp-content\/uploads\/2019\/04\/dubrovnik4-768x576.jpg 768w, https:\/\/kaj.hr\/korijeni\/wp-content\/uploads\/2019\/04\/dubrovnik4-1024x768.jpg 1024w\" sizes=\"auto, (max-width: 1027px) 100vw, 1027px\" \/><\/p>\n<p>Tradicijske drvene igra\u010dke iz Marije Bistice u Dubrovniku<\/p>\n<p>DUBROVNIK, 30. sije\u010dnja 2014. (Hina) \u2013 Najmla\u0111ima u Dje\u010djem vrti\u0107u \u201cP\u010delica\u201d u najve\u0107emu dubrova\u010dkom naselju Moko\u0161ici danas su predstavnici Etnografskog muzeja iz Zagreba te djelatnici Radija Kaj uru\u010dili donaciju tradicijskih drvenih igra\u010daka, proizvedenih u Hrvatskom zagorju.<\/p>\n<p>Nastavak je to odgojno-obrazovnog projekta \u201cDajmo djeci korijenje i krila\u201d kojem je svrha o\u010duvati izradu tradicijskih drvenih igra\u010daka kao za\u0161ti\u0107enoga nematerijalnog kulturnog dobra na reprezentativnoj listi UNESCO-a.<\/p>\n<p>O projektu \u201cDajmo djeci korijene i krila\u201d govorila je autorica Mirjana Drobina iz zagreba\u010dkoga Etnografskog muzeja. Tom je prigodom me\u0111u ostalim istaknula kako se odgojno-obrazovni projekt Etnografskog muzeja Zagreb i Radija Kaj po\u010deo ostvarivati darivanjem tradicijskih drvenih igra\u010daka uvr\u0161tenih na UNESCO-vu reprezentativnu listu za\u0161ti\u0107ene kulturne ba\u0161tine djeci u vrti\u0107ima, a prilikom svakog darivanja organizirana je predstava za djecu i radijska emisija.<\/p>\n<p>\u201cTradicijske drvene igra\u010dke proizvedene u dolini na\u0161ega Nacionalnog sveti\u0161ta Marije Bistrice u ovome projektu trebale bi izmamiti radost najmla\u0111ih, ali i poticati u\u010denike na odabir zanimanja za tradicijske obrte kako bi imali mogu\u0107nost samozapo\u0161ljavanja\u201d, rekla je Drobina.<\/p>\n<p>Kako je dodala, projekt \u0107e istaknuti va\u017enost proizvodnje drvenih igra\u010daka, ali i drugih proizvoda od drva te promicati ekolo\u0161ku proizvodnju koja obuhva\u0107a ekolo\u0161ke materijale, od drva, preko veznih materijala, do boje,\u2026<\/p>\n<p>Osim pribli\u017eavanja tradicijskih drvenih igra\u010daka najmla\u0111ima, drvene igra\u010dke bit \u0107e dostupne u sklopu te akcije i na mnogim javnim mjestima. Sve bi trebalo zaokru\u017eiti osmi\u0161ljavanjem turisti\u010dke destinacije pod nazivom \u2018Put igra\u010daka\u2019 i otvaranjem muzeja tradicijskih drvenih igra\u010daka u Mariji Bistrici, sredini iz koje su i krenule igra\u010dke i gdje se i danas proizvode \u2018na starinski na\u010din\u2019 , rekla je autorica Drobina.<\/p>\n<p>Dubrova\u010dki gradona\u010delnik Andro Vlahu\u0161i\u0107 i ravnateljica Dje\u010djih vrti\u0107a Boja Milan-Musta\u0107 zahvalili su onima koji provode taj projekt, a gradona\u010delnik je pozvao najmla\u0111e da sanjaju o \u017eivotnim pozivima jer se me\u0111u njima zasigurno krije mnogo budu\u0107ih uspje\u0161nih Dubrov\u010dana.<\/p>\n<p><img loading=\"lazy\" decoding=\"async\" class=\"aligncenter size-full wp-image-1241\" src=\"https:\/\/kaj.hr\/korijeni\/wp-content\/uploads\/2019\/04\/dubrovnik1.jpg\" alt=\"\" width=\"960\" height=\"720\" srcset=\"https:\/\/kaj.hr\/korijeni\/wp-content\/uploads\/2019\/04\/dubrovnik1.jpg 960w, https:\/\/kaj.hr\/korijeni\/wp-content\/uploads\/2019\/04\/dubrovnik1-300x225.jpg 300w, https:\/\/kaj.hr\/korijeni\/wp-content\/uploads\/2019\/04\/dubrovnik1-768x576.jpg 768w\" sizes=\"auto, (max-width: 960px) 100vw, 960px\" \/> <img loading=\"lazy\" decoding=\"async\" class=\"aligncenter size-full wp-image-1242\" src=\"https:\/\/kaj.hr\/korijeni\/wp-content\/uploads\/2019\/04\/dubrovnik5.jpg\" alt=\"\" width=\"1027\" height=\"770\" srcset=\"https:\/\/kaj.hr\/korijeni\/wp-content\/uploads\/2019\/04\/dubrovnik5.jpg 1027w, https:\/\/kaj.hr\/korijeni\/wp-content\/uploads\/2019\/04\/dubrovnik5-300x225.jpg 300w, https:\/\/kaj.hr\/korijeni\/wp-content\/uploads\/2019\/04\/dubrovnik5-768x576.jpg 768w, https:\/\/kaj.hr\/korijeni\/wp-content\/uploads\/2019\/04\/dubrovnik5-1024x768.jpg 1024w\" sizes=\"auto, (max-width: 1027px) 100vw, 1027px\" \/> <img loading=\"lazy\" decoding=\"async\" class=\"aligncenter size-full wp-image-1243\" src=\"https:\/\/kaj.hr\/korijeni\/wp-content\/uploads\/2019\/04\/dubrovnik6.jpg\" alt=\"\" width=\"1027\" height=\"770\" srcset=\"https:\/\/kaj.hr\/korijeni\/wp-content\/uploads\/2019\/04\/dubrovnik6.jpg 1027w, https:\/\/kaj.hr\/korijeni\/wp-content\/uploads\/2019\/04\/dubrovnik6-300x225.jpg 300w, https:\/\/kaj.hr\/korijeni\/wp-content\/uploads\/2019\/04\/dubrovnik6-768x576.jpg 768w, https:\/\/kaj.hr\/korijeni\/wp-content\/uploads\/2019\/04\/dubrovnik6-1024x768.jpg 1024w\" sizes=\"auto, (max-width: 1027px) 100vw, 1027px\" \/><\/p>\n","protected":false},"excerpt":{"rendered":"<p>Uo\u010di blagdana sv. Vlaha \u2013 za\u0161titnika Dubrovnika, najmla\u0111e u Dje\u010djem vrti\u0107u P\u010delica&#8230;<\/p>\n<div class=\"more-link-wrapper\"><a class=\"more-link\" href=\"https:\/\/kaj.hr\/korijeni\/djecji-vrtic-pcelica-dubrovnik\/\">Vi\u0161e&#8230;<span class=\"screen-reader-text\">Dje\u010dji vrti\u0107 P\u010delica Dubrovnik<\/span><\/a><\/div>\n","protected":false},"author":1,"featured_media":1239,"comment_status":"closed","ping_status":"closed","sticky":false,"template":"","format":"standard","meta":{"footnotes":""},"categories":[2],"tags":[],"class_list":["post-1238","post","type-post","status-publish","format-standard","has-post-thumbnail","hentry","category-podjela","ratio-16-9","entry"],"yoast_head":"<!-- This site is optimized with the Yoast SEO plugin v24.4 - https:\/\/yoast.com\/wordpress\/plugins\/seo\/ -->\n<title>Dje\u010dji vrti\u0107 P\u010delica Dubrovnik - Korijeni i krila<\/title>\n<meta name=\"robots\" content=\"index, follow, max-snippet:-1, max-image-preview:large, max-video-preview:-1\" \/>\n<link rel=\"canonical\" href=\"https:\/\/kaj.hr\/korijeni\/djecji-vrtic-pcelica-dubrovnik\/\" \/>\n<meta property=\"og:locale\" content=\"hr_HR\" \/>\n<meta property=\"og:type\" content=\"article\" \/>\n<meta property=\"og:title\" content=\"Dje\u010dji vrti\u0107 P\u010delica Dubrovnik - Korijeni i krila\" \/>\n<meta property=\"og:description\" content=\"Uo\u010di blagdana sv. Vlaha \u2013 za\u0161titnika Dubrovnika, najmla\u0111e u Dje\u010djem vrti\u0107u P\u010delica&#8230;\" \/>\n<meta property=\"og:url\" content=\"https:\/\/kaj.hr\/korijeni\/djecji-vrtic-pcelica-dubrovnik\/\" \/>\n<meta property=\"og:site_name\" content=\"Korijeni i krila\" \/>\n<meta property=\"article:published_time\" content=\"2014-01-30T07:15:39+00:00\" \/>\n<meta property=\"article:modified_time\" content=\"2019-04-24T07:18:40+00:00\" \/>\n<meta property=\"og:image\" content=\"https:\/\/kaj.hr\/korijeni\/wp-content\/uploads\/2019\/04\/dubrovnik8.jpg\" \/>\n\t<meta property=\"og:image:width\" content=\"1000\" \/>\n\t<meta property=\"og:image:height\" content=\"667\" \/>\n\t<meta property=\"og:image:type\" content=\"image\/jpeg\" \/>\n<meta name=\"author\" content=\"pavlekovic\" \/>\n<meta name=\"twitter:card\" content=\"summary_large_image\" \/>\n<meta name=\"twitter:label1\" content=\"Napisao\/la\" \/>\n\t<meta name=\"twitter:data1\" content=\"pavlekovic\" \/>\n\t<meta name=\"twitter:label2\" content=\"Procijenjeno vrijeme \u010ditanja\" \/>\n\t<meta name=\"twitter:data2\" content=\"3 minute\" \/>\n<script type=\"application\/ld+json\" class=\"yoast-schema-graph\">{\"@context\":\"https:\/\/schema.org\",\"@graph\":[{\"@type\":\"WebPage\",\"@id\":\"https:\/\/kaj.hr\/korijeni\/djecji-vrtic-pcelica-dubrovnik\/\",\"url\":\"https:\/\/kaj.hr\/korijeni\/djecji-vrtic-pcelica-dubrovnik\/\",\"name\":\"Dje\u010dji vrti\u0107 P\u010delica Dubrovnik - Korijeni i krila\",\"isPartOf\":{\"@id\":\"https:\/\/kaj.hr\/korijeni\/#website\"},\"primaryImageOfPage\":{\"@id\":\"https:\/\/kaj.hr\/korijeni\/djecji-vrtic-pcelica-dubrovnik\/#primaryimage\"},\"image\":{\"@id\":\"https:\/\/kaj.hr\/korijeni\/djecji-vrtic-pcelica-dubrovnik\/#primaryimage\"},\"thumbnailUrl\":\"https:\/\/kaj.hr\/korijeni\/wp-content\/uploads\/2019\/04\/dubrovnik8.jpg\",\"datePublished\":\"2014-01-30T07:15:39+00:00\",\"dateModified\":\"2019-04-24T07:18:40+00:00\",\"author\":{\"@id\":\"https:\/\/kaj.hr\/korijeni\/#\/schema\/person\/ad224cfd5208650e1f7ab48b355dbdd4\"},\"inLanguage\":\"hr\",\"potentialAction\":[{\"@type\":\"ReadAction\",\"target\":[\"https:\/\/kaj.hr\/korijeni\/djecji-vrtic-pcelica-dubrovnik\/\"]}]},{\"@type\":\"ImageObject\",\"inLanguage\":\"hr\",\"@id\":\"https:\/\/kaj.hr\/korijeni\/djecji-vrtic-pcelica-dubrovnik\/#primaryimage\",\"url\":\"https:\/\/kaj.hr\/korijeni\/wp-content\/uploads\/2019\/04\/dubrovnik8.jpg\",\"contentUrl\":\"https:\/\/kaj.hr\/korijeni\/wp-content\/uploads\/2019\/04\/dubrovnik8.jpg\",\"width\":1000,\"height\":667},{\"@type\":\"WebSite\",\"@id\":\"https:\/\/kaj.hr\/korijeni\/#website\",\"url\":\"https:\/\/kaj.hr\/korijeni\/\",\"name\":\"Korijeni i krila\",\"description\":\"Dajmo djeci korijene i krila  -  hrvatski odgojno-obrazovni projekt Etnografskog muzeja i Radija Kaj\",\"potentialAction\":[{\"@type\":\"SearchAction\",\"target\":{\"@type\":\"EntryPoint\",\"urlTemplate\":\"https:\/\/kaj.hr\/korijeni\/?s={search_term_string}\"},\"query-input\":{\"@type\":\"PropertyValueSpecification\",\"valueRequired\":true,\"valueName\":\"search_term_string\"}}],\"inLanguage\":\"hr\"},{\"@type\":\"Person\",\"@id\":\"https:\/\/kaj.hr\/korijeni\/#\/schema\/person\/ad224cfd5208650e1f7ab48b355dbdd4\",\"name\":\"pavlekovic\",\"url\":\"https:\/\/kaj.hr\/korijeni\/author\/pavlekovic\/\"}]}<\/script>\n<!-- \/ Yoast SEO plugin. -->","yoast_head_json":{"title":"Dje\u010dji vrti\u0107 P\u010delica Dubrovnik - Korijeni i krila","robots":{"index":"index","follow":"follow","max-snippet":"max-snippet:-1","max-image-preview":"max-image-preview:large","max-video-preview":"max-video-preview:-1"},"canonical":"https:\/\/kaj.hr\/korijeni\/djecji-vrtic-pcelica-dubrovnik\/","og_locale":"hr_HR","og_type":"article","og_title":"Dje\u010dji vrti\u0107 P\u010delica Dubrovnik - Korijeni i krila","og_description":"Uo\u010di blagdana sv. Vlaha \u2013 za\u0161titnika Dubrovnika, najmla\u0111e u Dje\u010djem vrti\u0107u P\u010delica&#8230;","og_url":"https:\/\/kaj.hr\/korijeni\/djecji-vrtic-pcelica-dubrovnik\/","og_site_name":"Korijeni i krila","article_published_time":"2014-01-30T07:15:39+00:00","article_modified_time":"2019-04-24T07:18:40+00:00","og_image":[{"width":1000,"height":667,"url":"https:\/\/kaj.hr\/korijeni\/wp-content\/uploads\/2019\/04\/dubrovnik8.jpg","type":"image\/jpeg"}],"author":"pavlekovic","twitter_card":"summary_large_image","twitter_misc":{"Napisao\/la":"pavlekovic","Procijenjeno vrijeme \u010ditanja":"3 minute"},"schema":{"@context":"https:\/\/schema.org","@graph":[{"@type":"WebPage","@id":"https:\/\/kaj.hr\/korijeni\/djecji-vrtic-pcelica-dubrovnik\/","url":"https:\/\/kaj.hr\/korijeni\/djecji-vrtic-pcelica-dubrovnik\/","name":"Dje\u010dji vrti\u0107 P\u010delica Dubrovnik - Korijeni i krila","isPartOf":{"@id":"https:\/\/kaj.hr\/korijeni\/#website"},"primaryImageOfPage":{"@id":"https:\/\/kaj.hr\/korijeni\/djecji-vrtic-pcelica-dubrovnik\/#primaryimage"},"image":{"@id":"https:\/\/kaj.hr\/korijeni\/djecji-vrtic-pcelica-dubrovnik\/#primaryimage"},"thumbnailUrl":"https:\/\/kaj.hr\/korijeni\/wp-content\/uploads\/2019\/04\/dubrovnik8.jpg","datePublished":"2014-01-30T07:15:39+00:00","dateModified":"2019-04-24T07:18:40+00:00","author":{"@id":"https:\/\/kaj.hr\/korijeni\/#\/schema\/person\/ad224cfd5208650e1f7ab48b355dbdd4"},"inLanguage":"hr","potentialAction":[{"@type":"ReadAction","target":["https:\/\/kaj.hr\/korijeni\/djecji-vrtic-pcelica-dubrovnik\/"]}]},{"@type":"ImageObject","inLanguage":"hr","@id":"https:\/\/kaj.hr\/korijeni\/djecji-vrtic-pcelica-dubrovnik\/#primaryimage","url":"https:\/\/kaj.hr\/korijeni\/wp-content\/uploads\/2019\/04\/dubrovnik8.jpg","contentUrl":"https:\/\/kaj.hr\/korijeni\/wp-content\/uploads\/2019\/04\/dubrovnik8.jpg","width":1000,"height":667},{"@type":"WebSite","@id":"https:\/\/kaj.hr\/korijeni\/#website","url":"https:\/\/kaj.hr\/korijeni\/","name":"Korijeni i krila","description":"Dajmo djeci korijene i krila  -  hrvatski odgojno-obrazovni projekt Etnografskog muzeja i Radija Kaj","potentialAction":[{"@type":"SearchAction","target":{"@type":"EntryPoint","urlTemplate":"https:\/\/kaj.hr\/korijeni\/?s={search_term_string}"},"query-input":{"@type":"PropertyValueSpecification","valueRequired":true,"valueName":"search_term_string"}}],"inLanguage":"hr"},{"@type":"Person","@id":"https:\/\/kaj.hr\/korijeni\/#\/schema\/person\/ad224cfd5208650e1f7ab48b355dbdd4","name":"pavlekovic","url":"https:\/\/kaj.hr\/korijeni\/author\/pavlekovic\/"}]}},"_links":{"self":[{"href":"https:\/\/kaj.hr\/korijeni\/wp-json\/wp\/v2\/posts\/1238","targetHints":{"allow":["GET"]}}],"collection":[{"href":"https:\/\/kaj.hr\/korijeni\/wp-json\/wp\/v2\/posts"}],"about":[{"href":"https:\/\/kaj.hr\/korijeni\/wp-json\/wp\/v2\/types\/post"}],"author":[{"embeddable":true,"href":"https:\/\/kaj.hr\/korijeni\/wp-json\/wp\/v2\/users\/1"}],"replies":[{"embeddable":true,"href":"https:\/\/kaj.hr\/korijeni\/wp-json\/wp\/v2\/comments?post=1238"}],"version-history":[{"count":1,"href":"https:\/\/kaj.hr\/korijeni\/wp-json\/wp\/v2\/posts\/1238\/revisions"}],"predecessor-version":[{"id":1244,"href":"https:\/\/kaj.hr\/korijeni\/wp-json\/wp\/v2\/posts\/1238\/revisions\/1244"}],"wp:featuredmedia":[{"embeddable":true,"href":"https:\/\/kaj.hr\/korijeni\/wp-json\/wp\/v2\/media\/1239"}],"wp:attachment":[{"href":"https:\/\/kaj.hr\/korijeni\/wp-json\/wp\/v2\/media?parent=1238"}],"wp:term":[{"taxonomy":"category","embeddable":true,"href":"https:\/\/kaj.hr\/korijeni\/wp-json\/wp\/v2\/categories?post=1238"},{"taxonomy":"post_tag","embeddable":true,"href":"https:\/\/kaj.hr\/korijeni\/wp-json\/wp\/v2\/tags?post=1238"}],"curies":[{"name":"wp","href":"https:\/\/api.w.org\/{rel}","templated":true}]}}