{"id":1079,"date":"2014-12-18T12:15:20","date_gmt":"2014-12-18T12:15:20","guid":{"rendered":"https:\/\/korijeni.hr\/?p=1079"},"modified":"2019-04-23T12:17:13","modified_gmt":"2019-04-23T12:17:13","slug":"os-ivan-filipovic-racinovci","status":"publish","type":"post","link":"https:\/\/kaj.hr\/korijeni\/os-ivan-filipovic-racinovci\/","title":{"rendered":"O\u0160 Ivan Filipovi\u0107 Ra\u010dinovci"},"content":{"rendered":"<p>Projekt \u201eDajmo djeci korijene i krila\u201c nastavljen je u \u010detvrtak 18. prosinca 2014. u O\u0160 Ivan Filipovi\u0107 Ra\u010dinovci. Tradicijske drvene igra\u010dke predao je najmla\u0111ima na prigodnoj sve\u010danosti ravnatelj muzeja za umjetnost i obrt Miroslav Ga\u0161parovi\u0107.<\/p>\n<p>Za pred\u0161kolsku djecu te djecu razredne nastave, Etnografski muzej i Grad Zagreb, uz medijsko pokroviteljstvo Radija Kaj, donirali su tako paket s 35 hrvatskih tradicijskih igra\u010daka iz akcije Dajmo djeci korijene i krila koja na simboli\u010dkoj razini ukazuje na va\u017enost naslje\u0111a (korijeni) kao temelja za polazak u budu\u0107nost (krila).<\/p>\n<p>Donacija je popra\u0107ena razgovorom o ba\u0161tini i prigodno osmi\u0161ljenom interaktivnom kazali\u0161nom predstavom koju izvode glumice Laboratorija zabave uz poruku da se ba\u0161tina treba \u010duvati, a znanje kroz igru dijeliti.<\/p>\n<p><img loading=\"lazy\" decoding=\"async\" class=\"aligncenter  wp-image-1081\" src=\"https:\/\/kaj.hr\/korijeni\/wp-content\/uploads\/2019\/04\/maksimirigracke1.jpg\" alt=\"\" width=\"472\" height=\"354\" srcset=\"https:\/\/kaj.hr\/korijeni\/wp-content\/uploads\/2019\/04\/maksimirigracke1.jpg 403w, https:\/\/kaj.hr\/korijeni\/wp-content\/uploads\/2019\/04\/maksimirigracke1-300x225.jpg 300w\" sizes=\"auto, (max-width: 472px) 100vw, 472px\" \/> <img loading=\"lazy\" decoding=\"async\" class=\"aligncenter size-full wp-image-1082\" src=\"https:\/\/kaj.hr\/korijeni\/wp-content\/uploads\/2019\/04\/racinovci11.jpg\" alt=\"\" width=\"609\" height=\"457\" srcset=\"https:\/\/kaj.hr\/korijeni\/wp-content\/uploads\/2019\/04\/racinovci11.jpg 609w, https:\/\/kaj.hr\/korijeni\/wp-content\/uploads\/2019\/04\/racinovci11-300x225.jpg 300w\" sizes=\"auto, (max-width: 609px) 100vw, 609px\" \/><\/p>\n","protected":false},"excerpt":{"rendered":"<p>Projekt \u201eDajmo djeci korijene i krila\u201c nastavljen je u \u010detvrtak 18. prosinca&#8230;<\/p>\n<div class=\"more-link-wrapper\"><a class=\"more-link\" href=\"https:\/\/kaj.hr\/korijeni\/os-ivan-filipovic-racinovci\/\">Vi\u0161e&#8230;<span class=\"screen-reader-text\">O\u0160 Ivan Filipovi\u0107 Ra\u010dinovci<\/span><\/a><\/div>\n","protected":false},"author":1,"featured_media":1080,"comment_status":"closed","ping_status":"closed","sticky":false,"template":"","format":"standard","meta":{"footnotes":""},"categories":[2],"tags":[],"class_list":["post-1079","post","type-post","status-publish","format-standard","has-post-thumbnail","hentry","category-podjela","ratio-16-9","entry"],"yoast_head":"<!-- This site is optimized with the Yoast SEO plugin v24.4 - https:\/\/yoast.com\/wordpress\/plugins\/seo\/ -->\n<title>O\u0160 Ivan Filipovi\u0107 Ra\u010dinovci - Korijeni i krila<\/title>\n<meta name=\"robots\" content=\"index, follow, max-snippet:-1, max-image-preview:large, max-video-preview:-1\" \/>\n<link rel=\"canonical\" href=\"https:\/\/kaj.hr\/korijeni\/os-ivan-filipovic-racinovci\/\" \/>\n<meta property=\"og:locale\" content=\"hr_HR\" \/>\n<meta property=\"og:type\" content=\"article\" \/>\n<meta property=\"og:title\" content=\"O\u0160 Ivan Filipovi\u0107 Ra\u010dinovci - Korijeni i krila\" \/>\n<meta property=\"og:description\" content=\"Projekt \u201eDajmo djeci korijene i krila\u201c nastavljen je u \u010detvrtak 18. prosinca&#8230;\" \/>\n<meta property=\"og:url\" content=\"https:\/\/kaj.hr\/korijeni\/os-ivan-filipovic-racinovci\/\" \/>\n<meta property=\"og:site_name\" content=\"Korijeni i krila\" \/>\n<meta property=\"article:published_time\" content=\"2014-12-18T12:15:20+00:00\" \/>\n<meta property=\"article:modified_time\" content=\"2019-04-23T12:17:13+00:00\" \/>\n<meta property=\"og:image\" content=\"https:\/\/kaj.hr\/korijeni\/wp-content\/uploads\/2019\/04\/racinovci2.jpg\" \/>\n\t<meta property=\"og:image:width\" content=\"609\" \/>\n\t<meta property=\"og:image:height\" content=\"388\" \/>\n\t<meta property=\"og:image:type\" content=\"image\/jpeg\" \/>\n<meta name=\"author\" content=\"pavlekovic\" \/>\n<meta name=\"twitter:card\" content=\"summary_large_image\" \/>\n<meta name=\"twitter:label1\" content=\"Napisao\/la\" \/>\n\t<meta name=\"twitter:data1\" content=\"pavlekovic\" \/>\n\t<meta name=\"twitter:label2\" content=\"Procijenjeno vrijeme \u010ditanja\" \/>\n\t<meta name=\"twitter:data2\" content=\"1 minuta\" \/>\n<script type=\"application\/ld+json\" class=\"yoast-schema-graph\">{\"@context\":\"https:\/\/schema.org\",\"@graph\":[{\"@type\":\"WebPage\",\"@id\":\"https:\/\/kaj.hr\/korijeni\/os-ivan-filipovic-racinovci\/\",\"url\":\"https:\/\/kaj.hr\/korijeni\/os-ivan-filipovic-racinovci\/\",\"name\":\"O\u0160 Ivan Filipovi\u0107 Ra\u010dinovci - Korijeni i krila\",\"isPartOf\":{\"@id\":\"https:\/\/kaj.hr\/korijeni\/#website\"},\"primaryImageOfPage\":{\"@id\":\"https:\/\/kaj.hr\/korijeni\/os-ivan-filipovic-racinovci\/#primaryimage\"},\"image\":{\"@id\":\"https:\/\/kaj.hr\/korijeni\/os-ivan-filipovic-racinovci\/#primaryimage\"},\"thumbnailUrl\":\"https:\/\/kaj.hr\/korijeni\/wp-content\/uploads\/2019\/04\/racinovci2.jpg\",\"datePublished\":\"2014-12-18T12:15:20+00:00\",\"dateModified\":\"2019-04-23T12:17:13+00:00\",\"author\":{\"@id\":\"https:\/\/kaj.hr\/korijeni\/#\/schema\/person\/ad224cfd5208650e1f7ab48b355dbdd4\"},\"inLanguage\":\"hr\",\"potentialAction\":[{\"@type\":\"ReadAction\",\"target\":[\"https:\/\/kaj.hr\/korijeni\/os-ivan-filipovic-racinovci\/\"]}]},{\"@type\":\"ImageObject\",\"inLanguage\":\"hr\",\"@id\":\"https:\/\/kaj.hr\/korijeni\/os-ivan-filipovic-racinovci\/#primaryimage\",\"url\":\"https:\/\/kaj.hr\/korijeni\/wp-content\/uploads\/2019\/04\/racinovci2.jpg\",\"contentUrl\":\"https:\/\/kaj.hr\/korijeni\/wp-content\/uploads\/2019\/04\/racinovci2.jpg\",\"width\":609,\"height\":388},{\"@type\":\"WebSite\",\"@id\":\"https:\/\/kaj.hr\/korijeni\/#website\",\"url\":\"https:\/\/kaj.hr\/korijeni\/\",\"name\":\"Korijeni i krila\",\"description\":\"Dajmo djeci korijene i krila  -  hrvatski odgojno-obrazovni projekt Etnografskog muzeja i Radija Kaj\",\"potentialAction\":[{\"@type\":\"SearchAction\",\"target\":{\"@type\":\"EntryPoint\",\"urlTemplate\":\"https:\/\/kaj.hr\/korijeni\/?s={search_term_string}\"},\"query-input\":{\"@type\":\"PropertyValueSpecification\",\"valueRequired\":true,\"valueName\":\"search_term_string\"}}],\"inLanguage\":\"hr\"},{\"@type\":\"Person\",\"@id\":\"https:\/\/kaj.hr\/korijeni\/#\/schema\/person\/ad224cfd5208650e1f7ab48b355dbdd4\",\"name\":\"pavlekovic\",\"url\":\"https:\/\/kaj.hr\/korijeni\/author\/pavlekovic\/\"}]}<\/script>\n<!-- \/ Yoast SEO plugin. -->","yoast_head_json":{"title":"O\u0160 Ivan Filipovi\u0107 Ra\u010dinovci - Korijeni i krila","robots":{"index":"index","follow":"follow","max-snippet":"max-snippet:-1","max-image-preview":"max-image-preview:large","max-video-preview":"max-video-preview:-1"},"canonical":"https:\/\/kaj.hr\/korijeni\/os-ivan-filipovic-racinovci\/","og_locale":"hr_HR","og_type":"article","og_title":"O\u0160 Ivan Filipovi\u0107 Ra\u010dinovci - Korijeni i krila","og_description":"Projekt \u201eDajmo djeci korijene i krila\u201c nastavljen je u \u010detvrtak 18. prosinca&#8230;","og_url":"https:\/\/kaj.hr\/korijeni\/os-ivan-filipovic-racinovci\/","og_site_name":"Korijeni i krila","article_published_time":"2014-12-18T12:15:20+00:00","article_modified_time":"2019-04-23T12:17:13+00:00","og_image":[{"width":609,"height":388,"url":"https:\/\/kaj.hr\/korijeni\/wp-content\/uploads\/2019\/04\/racinovci2.jpg","type":"image\/jpeg"}],"author":"pavlekovic","twitter_card":"summary_large_image","twitter_misc":{"Napisao\/la":"pavlekovic","Procijenjeno vrijeme \u010ditanja":"1 minuta"},"schema":{"@context":"https:\/\/schema.org","@graph":[{"@type":"WebPage","@id":"https:\/\/kaj.hr\/korijeni\/os-ivan-filipovic-racinovci\/","url":"https:\/\/kaj.hr\/korijeni\/os-ivan-filipovic-racinovci\/","name":"O\u0160 Ivan Filipovi\u0107 Ra\u010dinovci - Korijeni i krila","isPartOf":{"@id":"https:\/\/kaj.hr\/korijeni\/#website"},"primaryImageOfPage":{"@id":"https:\/\/kaj.hr\/korijeni\/os-ivan-filipovic-racinovci\/#primaryimage"},"image":{"@id":"https:\/\/kaj.hr\/korijeni\/os-ivan-filipovic-racinovci\/#primaryimage"},"thumbnailUrl":"https:\/\/kaj.hr\/korijeni\/wp-content\/uploads\/2019\/04\/racinovci2.jpg","datePublished":"2014-12-18T12:15:20+00:00","dateModified":"2019-04-23T12:17:13+00:00","author":{"@id":"https:\/\/kaj.hr\/korijeni\/#\/schema\/person\/ad224cfd5208650e1f7ab48b355dbdd4"},"inLanguage":"hr","potentialAction":[{"@type":"ReadAction","target":["https:\/\/kaj.hr\/korijeni\/os-ivan-filipovic-racinovci\/"]}]},{"@type":"ImageObject","inLanguage":"hr","@id":"https:\/\/kaj.hr\/korijeni\/os-ivan-filipovic-racinovci\/#primaryimage","url":"https:\/\/kaj.hr\/korijeni\/wp-content\/uploads\/2019\/04\/racinovci2.jpg","contentUrl":"https:\/\/kaj.hr\/korijeni\/wp-content\/uploads\/2019\/04\/racinovci2.jpg","width":609,"height":388},{"@type":"WebSite","@id":"https:\/\/kaj.hr\/korijeni\/#website","url":"https:\/\/kaj.hr\/korijeni\/","name":"Korijeni i krila","description":"Dajmo djeci korijene i krila  -  hrvatski odgojno-obrazovni projekt Etnografskog muzeja i Radija Kaj","potentialAction":[{"@type":"SearchAction","target":{"@type":"EntryPoint","urlTemplate":"https:\/\/kaj.hr\/korijeni\/?s={search_term_string}"},"query-input":{"@type":"PropertyValueSpecification","valueRequired":true,"valueName":"search_term_string"}}],"inLanguage":"hr"},{"@type":"Person","@id":"https:\/\/kaj.hr\/korijeni\/#\/schema\/person\/ad224cfd5208650e1f7ab48b355dbdd4","name":"pavlekovic","url":"https:\/\/kaj.hr\/korijeni\/author\/pavlekovic\/"}]}},"_links":{"self":[{"href":"https:\/\/kaj.hr\/korijeni\/wp-json\/wp\/v2\/posts\/1079","targetHints":{"allow":["GET"]}}],"collection":[{"href":"https:\/\/kaj.hr\/korijeni\/wp-json\/wp\/v2\/posts"}],"about":[{"href":"https:\/\/kaj.hr\/korijeni\/wp-json\/wp\/v2\/types\/post"}],"author":[{"embeddable":true,"href":"https:\/\/kaj.hr\/korijeni\/wp-json\/wp\/v2\/users\/1"}],"replies":[{"embeddable":true,"href":"https:\/\/kaj.hr\/korijeni\/wp-json\/wp\/v2\/comments?post=1079"}],"version-history":[{"count":1,"href":"https:\/\/kaj.hr\/korijeni\/wp-json\/wp\/v2\/posts\/1079\/revisions"}],"predecessor-version":[{"id":1083,"href":"https:\/\/kaj.hr\/korijeni\/wp-json\/wp\/v2\/posts\/1079\/revisions\/1083"}],"wp:featuredmedia":[{"embeddable":true,"href":"https:\/\/kaj.hr\/korijeni\/wp-json\/wp\/v2\/media\/1080"}],"wp:attachment":[{"href":"https:\/\/kaj.hr\/korijeni\/wp-json\/wp\/v2\/media?parent=1079"}],"wp:term":[{"taxonomy":"category","embeddable":true,"href":"https:\/\/kaj.hr\/korijeni\/wp-json\/wp\/v2\/categories?post=1079"},{"taxonomy":"post_tag","embeddable":true,"href":"https:\/\/kaj.hr\/korijeni\/wp-json\/wp\/v2\/tags?post=1079"}],"curies":[{"name":"wp","href":"https:\/\/api.w.org\/{rel}","templated":true}]}}