{"id":1040,"date":"2015-05-28T11:56:40","date_gmt":"2015-05-28T11:56:40","guid":{"rendered":"https:\/\/korijeni.hr\/?p=1040"},"modified":"2019-04-23T11:59:22","modified_gmt":"2019-04-23T11:59:22","slug":"dv-laniste","status":"publish","type":"post","link":"https:\/\/kaj.hr\/korijeni\/dv-laniste\/","title":{"rendered":"DV Lani\u0161te"},"content":{"rendered":"<p>ZAGREB \u2013 Odgojno-obrazovni projekt Etnografskog muzeja i Radija Kaj, Dajmo djeci korijene i krila, u \u010detvrtak 28. svibnja 2015. godine stigao je u zagreba\u010dki dje\u010dji vrti\u0107 Remetinec na Lani\u0161tu. Igra\u010dke su uru\u010dili predstavnici Odjela za pred\u0161kolski odgoj, Gradskog ureda za prosvjetu i kulturu Grada Zagreba, Radija Kaj i Etnografskog muzeja, a primila ih je ravnateljica vrti\u0107a Merica Matijevi\u0107.<a href=\"http:\/\/www.kaj.hr\/wp-content\/uploads\/2015\/05\/dv-remetinec7-e1432841072840.jpg\"><img loading=\"lazy\" decoding=\"async\" class=\"wp-image-2404  aligncenter\" src=\"http:\/\/www.kaj.hr\/wp-content\/uploads\/2015\/05\/dv-remetinec7-e1432841072840.jpg\" sizes=\"auto, (max-width: 695px) 100vw, 695px\" srcset=\"http:\/\/www.kaj.hr\/wp-content\/uploads\/2015\/05\/dv-remetinec7-e1432841072840.jpg 1000w, http:\/\/www.kaj.hr\/wp-content\/uploads\/2015\/05\/dv-remetinec7-e1432841072840-300x185.jpg 300w, http:\/\/www.kaj.hr\/wp-content\/uploads\/2015\/05\/dv-remetinec7-e1432841072840-1024x632.jpg 1024w\" alt=\"\" width=\"695\" height=\"429\" \/><\/a>Najmla\u0111i su izveli program dobrodo\u0161lice, a Narodne novine, partner projekta, poklonile su vrti\u0107u komplet crta\u0107eg pribora, koji je uru\u010dila Valerija Osre\u010dak Klju\u010dari\u0107, stru\u010dni suradnik za marketing.<a href=\"http:\/\/www.kaj.hr\/wp-content\/uploads\/2015\/05\/dv-remetinec6-e1432841936883.jpg\"><img loading=\"lazy\" decoding=\"async\" class=\"wp-image-2405  aligncenter\" src=\"http:\/\/www.kaj.hr\/wp-content\/uploads\/2015\/05\/dv-remetinec6-e1432841936883.jpg\" sizes=\"auto, (max-width: 697px) 100vw, 697px\" srcset=\"http:\/\/www.kaj.hr\/wp-content\/uploads\/2015\/05\/dv-remetinec6-e1432841936883.jpg 908w, http:\/\/www.kaj.hr\/wp-content\/uploads\/2015\/05\/dv-remetinec6-e1432841936883-300x205.jpg 300w\" alt=\"\" width=\"697\" height=\"476\" \/><\/a><\/p>\n<p>Projekt Dajmo djeci korijene i krila, obi\u0161ao je do sada, s paketima tradicijskih drvenih igra\u010daka vi\u0161e od 50 hrvatskih dje\u010djih vrti\u0107a, od Hrvatskog zagorja, Me\u0111imurja, Prigorja i Podravine do Vukovara, Rijeke, Dubrovnika, Zagreba\u2026<\/p>\n<p>O drvenim igra\u010dkama, koje je za\u0161titio UNESCO, govorila je autorica projekta Dajmo djeci korijene i krila Mirjana Drobina iz Etnografskog muzeja. \u00a0\u201eLaboratorij zabave\u201c je za najmla\u0111e odigrao prikladnu predstavu.<\/p>\n<p>Ovaj odgojno obrazovni projekt Etnografskog muzeja i Radija Kaj prepoznali su i podr\u017eali Ministarstvo poljoprivrede, Narodne novine, Janaf, ali i Gradski ured za prosvjetu i kulturu Grada Zagreba, te \u017eupanije Zagreba\u010dka, Krapinsko-zagorska, Koprivni\u010dko-kri\u017eeva\u010dka, Vara\u017edinska, Me\u0111imurska\u2026<\/p>\n<div id='gallery-1' class='gallery galleryid-1040 gallery-columns-1 gallery-size-full'><figure class='gallery-item'>\n\t\t\t<div class='gallery-icon landscape'>\n\t\t\t\t<img loading=\"lazy\" decoding=\"async\" width=\"1000\" height=\"750\" src=\"https:\/\/kaj.hr\/korijeni\/wp-content\/uploads\/2019\/04\/dv-remetinec1.jpg\" class=\"attachment-full size-full\" alt=\"\" srcset=\"https:\/\/kaj.hr\/korijeni\/wp-content\/uploads\/2019\/04\/dv-remetinec1.jpg 1000w, https:\/\/kaj.hr\/korijeni\/wp-content\/uploads\/2019\/04\/dv-remetinec1-300x225.jpg 300w, https:\/\/kaj.hr\/korijeni\/wp-content\/uploads\/2019\/04\/dv-remetinec1-768x576.jpg 768w\" sizes=\"auto, (max-width: 1000px) 100vw, 1000px\" \/>\n\t\t\t<\/div><\/figure><figure class='gallery-item'>\n\t\t\t<div class='gallery-icon landscape'>\n\t\t\t\t<img loading=\"lazy\" decoding=\"async\" width=\"908\" height=\"620\" src=\"https:\/\/kaj.hr\/korijeni\/wp-content\/uploads\/2019\/04\/dv-remetinec6-e1432841936883.jpg\" class=\"attachment-full size-full\" alt=\"\" srcset=\"https:\/\/kaj.hr\/korijeni\/wp-content\/uploads\/2019\/04\/dv-remetinec6-e1432841936883.jpg 908w, https:\/\/kaj.hr\/korijeni\/wp-content\/uploads\/2019\/04\/dv-remetinec6-e1432841936883-300x205.jpg 300w, https:\/\/kaj.hr\/korijeni\/wp-content\/uploads\/2019\/04\/dv-remetinec6-e1432841936883-768x524.jpg 768w\" sizes=\"auto, (max-width: 908px) 100vw, 908px\" \/>\n\t\t\t<\/div><\/figure><figure class='gallery-item'>\n\t\t\t<div class='gallery-icon landscape'>\n\t\t\t\t<img loading=\"lazy\" decoding=\"async\" width=\"1000\" height=\"617\" src=\"https:\/\/kaj.hr\/korijeni\/wp-content\/uploads\/2019\/04\/dv-remetinec7-e1432841072840.jpg\" class=\"attachment-full size-full\" alt=\"\" srcset=\"https:\/\/kaj.hr\/korijeni\/wp-content\/uploads\/2019\/04\/dv-remetinec7-e1432841072840.jpg 1000w, https:\/\/kaj.hr\/korijeni\/wp-content\/uploads\/2019\/04\/dv-remetinec7-e1432841072840-300x185.jpg 300w, https:\/\/kaj.hr\/korijeni\/wp-content\/uploads\/2019\/04\/dv-remetinec7-e1432841072840-768x474.jpg 768w\" sizes=\"auto, (max-width: 1000px) 100vw, 1000px\" \/>\n\t\t\t<\/div><\/figure><figure class='gallery-item'>\n\t\t\t<div class='gallery-icon landscape'>\n\t\t\t\t<img loading=\"lazy\" decoding=\"async\" width=\"1000\" height=\"989\" src=\"https:\/\/kaj.hr\/korijeni\/wp-content\/uploads\/2019\/04\/dv-remetinec2.jpg\" class=\"attachment-full size-full\" alt=\"\" srcset=\"https:\/\/kaj.hr\/korijeni\/wp-content\/uploads\/2019\/04\/dv-remetinec2.jpg 1000w, https:\/\/kaj.hr\/korijeni\/wp-content\/uploads\/2019\/04\/dv-remetinec2-300x297.jpg 300w, https:\/\/kaj.hr\/korijeni\/wp-content\/uploads\/2019\/04\/dv-remetinec2-768x760.jpg 768w\" sizes=\"auto, (max-width: 1000px) 100vw, 1000px\" \/>\n\t\t\t<\/div><\/figure>\n\t\t<\/div>\n\n","protected":false},"excerpt":{"rendered":"<p>ZAGREB \u2013 Odgojno-obrazovni projekt Etnografskog muzeja i Radija Kaj, Dajmo djeci korijene&#8230;<\/p>\n<div class=\"more-link-wrapper\"><a class=\"more-link\" href=\"https:\/\/kaj.hr\/korijeni\/dv-laniste\/\">Vi\u0161e&#8230;<span class=\"screen-reader-text\">DV Lani\u0161te<\/span><\/a><\/div>\n","protected":false},"author":1,"featured_media":1041,"comment_status":"closed","ping_status":"closed","sticky":false,"template":"","format":"standard","meta":{"footnotes":""},"categories":[2],"tags":[],"class_list":["post-1040","post","type-post","status-publish","format-standard","has-post-thumbnail","hentry","category-podjela","ratio-16-9","entry"],"yoast_head":"<!-- This site is optimized with the Yoast SEO plugin v24.4 - https:\/\/yoast.com\/wordpress\/plugins\/seo\/ -->\n<title>DV Lani\u0161te - Korijeni i krila<\/title>\n<meta name=\"robots\" content=\"index, follow, max-snippet:-1, max-image-preview:large, max-video-preview:-1\" \/>\n<link rel=\"canonical\" href=\"https:\/\/kaj.hr\/korijeni\/dv-laniste\/\" \/>\n<meta property=\"og:locale\" content=\"hr_HR\" \/>\n<meta property=\"og:type\" content=\"article\" \/>\n<meta property=\"og:title\" content=\"DV Lani\u0161te - Korijeni i krila\" \/>\n<meta property=\"og:description\" content=\"ZAGREB \u2013 Odgojno-obrazovni projekt Etnografskog muzeja i Radija Kaj, Dajmo djeci korijene&#8230;\" \/>\n<meta property=\"og:url\" content=\"https:\/\/kaj.hr\/korijeni\/dv-laniste\/\" \/>\n<meta property=\"og:site_name\" content=\"Korijeni i krila\" \/>\n<meta property=\"article:published_time\" content=\"2015-05-28T11:56:40+00:00\" \/>\n<meta property=\"article:modified_time\" content=\"2019-04-23T11:59:22+00:00\" \/>\n<meta property=\"og:image\" content=\"https:\/\/kaj.hr\/korijeni\/wp-content\/uploads\/2019\/04\/dv-remetinec3.jpg\" \/>\n\t<meta property=\"og:image:width\" content=\"1000\" \/>\n\t<meta property=\"og:image:height\" content=\"750\" \/>\n\t<meta property=\"og:image:type\" content=\"image\/jpeg\" \/>\n<meta name=\"author\" content=\"pavlekovic\" \/>\n<meta name=\"twitter:card\" content=\"summary_large_image\" \/>\n<meta name=\"twitter:label1\" content=\"Napisao\/la\" \/>\n\t<meta name=\"twitter:data1\" content=\"pavlekovic\" \/>\n\t<meta name=\"twitter:label2\" content=\"Procijenjeno vrijeme \u010ditanja\" \/>\n\t<meta name=\"twitter:data2\" content=\"1 minuta\" \/>\n<script type=\"application\/ld+json\" class=\"yoast-schema-graph\">{\"@context\":\"https:\/\/schema.org\",\"@graph\":[{\"@type\":\"WebPage\",\"@id\":\"https:\/\/kaj.hr\/korijeni\/dv-laniste\/\",\"url\":\"https:\/\/kaj.hr\/korijeni\/dv-laniste\/\",\"name\":\"DV Lani\u0161te - Korijeni i krila\",\"isPartOf\":{\"@id\":\"https:\/\/kaj.hr\/korijeni\/#website\"},\"primaryImageOfPage\":{\"@id\":\"https:\/\/kaj.hr\/korijeni\/dv-laniste\/#primaryimage\"},\"image\":{\"@id\":\"https:\/\/kaj.hr\/korijeni\/dv-laniste\/#primaryimage\"},\"thumbnailUrl\":\"https:\/\/kaj.hr\/korijeni\/wp-content\/uploads\/2019\/04\/dv-remetinec3.jpg\",\"datePublished\":\"2015-05-28T11:56:40+00:00\",\"dateModified\":\"2019-04-23T11:59:22+00:00\",\"author\":{\"@id\":\"https:\/\/kaj.hr\/korijeni\/#\/schema\/person\/ad224cfd5208650e1f7ab48b355dbdd4\"},\"inLanguage\":\"hr\",\"potentialAction\":[{\"@type\":\"ReadAction\",\"target\":[\"https:\/\/kaj.hr\/korijeni\/dv-laniste\/\"]}]},{\"@type\":\"ImageObject\",\"inLanguage\":\"hr\",\"@id\":\"https:\/\/kaj.hr\/korijeni\/dv-laniste\/#primaryimage\",\"url\":\"https:\/\/kaj.hr\/korijeni\/wp-content\/uploads\/2019\/04\/dv-remetinec3.jpg\",\"contentUrl\":\"https:\/\/kaj.hr\/korijeni\/wp-content\/uploads\/2019\/04\/dv-remetinec3.jpg\",\"width\":1000,\"height\":750},{\"@type\":\"WebSite\",\"@id\":\"https:\/\/kaj.hr\/korijeni\/#website\",\"url\":\"https:\/\/kaj.hr\/korijeni\/\",\"name\":\"Korijeni i krila\",\"description\":\"Dajmo djeci korijene i krila  -  hrvatski odgojno-obrazovni projekt Etnografskog muzeja i Radija Kaj\",\"potentialAction\":[{\"@type\":\"SearchAction\",\"target\":{\"@type\":\"EntryPoint\",\"urlTemplate\":\"https:\/\/kaj.hr\/korijeni\/?s={search_term_string}\"},\"query-input\":{\"@type\":\"PropertyValueSpecification\",\"valueRequired\":true,\"valueName\":\"search_term_string\"}}],\"inLanguage\":\"hr\"},{\"@type\":\"Person\",\"@id\":\"https:\/\/kaj.hr\/korijeni\/#\/schema\/person\/ad224cfd5208650e1f7ab48b355dbdd4\",\"name\":\"pavlekovic\",\"url\":\"https:\/\/kaj.hr\/korijeni\/author\/pavlekovic\/\"}]}<\/script>\n<!-- \/ Yoast SEO plugin. -->","yoast_head_json":{"title":"DV Lani\u0161te - Korijeni i krila","robots":{"index":"index","follow":"follow","max-snippet":"max-snippet:-1","max-image-preview":"max-image-preview:large","max-video-preview":"max-video-preview:-1"},"canonical":"https:\/\/kaj.hr\/korijeni\/dv-laniste\/","og_locale":"hr_HR","og_type":"article","og_title":"DV Lani\u0161te - Korijeni i krila","og_description":"ZAGREB \u2013 Odgojno-obrazovni projekt Etnografskog muzeja i Radija Kaj, Dajmo djeci korijene&#8230;","og_url":"https:\/\/kaj.hr\/korijeni\/dv-laniste\/","og_site_name":"Korijeni i krila","article_published_time":"2015-05-28T11:56:40+00:00","article_modified_time":"2019-04-23T11:59:22+00:00","og_image":[{"width":1000,"height":750,"url":"https:\/\/kaj.hr\/korijeni\/wp-content\/uploads\/2019\/04\/dv-remetinec3.jpg","type":"image\/jpeg"}],"author":"pavlekovic","twitter_card":"summary_large_image","twitter_misc":{"Napisao\/la":"pavlekovic","Procijenjeno vrijeme \u010ditanja":"1 minuta"},"schema":{"@context":"https:\/\/schema.org","@graph":[{"@type":"WebPage","@id":"https:\/\/kaj.hr\/korijeni\/dv-laniste\/","url":"https:\/\/kaj.hr\/korijeni\/dv-laniste\/","name":"DV Lani\u0161te - Korijeni i krila","isPartOf":{"@id":"https:\/\/kaj.hr\/korijeni\/#website"},"primaryImageOfPage":{"@id":"https:\/\/kaj.hr\/korijeni\/dv-laniste\/#primaryimage"},"image":{"@id":"https:\/\/kaj.hr\/korijeni\/dv-laniste\/#primaryimage"},"thumbnailUrl":"https:\/\/kaj.hr\/korijeni\/wp-content\/uploads\/2019\/04\/dv-remetinec3.jpg","datePublished":"2015-05-28T11:56:40+00:00","dateModified":"2019-04-23T11:59:22+00:00","author":{"@id":"https:\/\/kaj.hr\/korijeni\/#\/schema\/person\/ad224cfd5208650e1f7ab48b355dbdd4"},"inLanguage":"hr","potentialAction":[{"@type":"ReadAction","target":["https:\/\/kaj.hr\/korijeni\/dv-laniste\/"]}]},{"@type":"ImageObject","inLanguage":"hr","@id":"https:\/\/kaj.hr\/korijeni\/dv-laniste\/#primaryimage","url":"https:\/\/kaj.hr\/korijeni\/wp-content\/uploads\/2019\/04\/dv-remetinec3.jpg","contentUrl":"https:\/\/kaj.hr\/korijeni\/wp-content\/uploads\/2019\/04\/dv-remetinec3.jpg","width":1000,"height":750},{"@type":"WebSite","@id":"https:\/\/kaj.hr\/korijeni\/#website","url":"https:\/\/kaj.hr\/korijeni\/","name":"Korijeni i krila","description":"Dajmo djeci korijene i krila  -  hrvatski odgojno-obrazovni projekt Etnografskog muzeja i Radija Kaj","potentialAction":[{"@type":"SearchAction","target":{"@type":"EntryPoint","urlTemplate":"https:\/\/kaj.hr\/korijeni\/?s={search_term_string}"},"query-input":{"@type":"PropertyValueSpecification","valueRequired":true,"valueName":"search_term_string"}}],"inLanguage":"hr"},{"@type":"Person","@id":"https:\/\/kaj.hr\/korijeni\/#\/schema\/person\/ad224cfd5208650e1f7ab48b355dbdd4","name":"pavlekovic","url":"https:\/\/kaj.hr\/korijeni\/author\/pavlekovic\/"}]}},"_links":{"self":[{"href":"https:\/\/kaj.hr\/korijeni\/wp-json\/wp\/v2\/posts\/1040","targetHints":{"allow":["GET"]}}],"collection":[{"href":"https:\/\/kaj.hr\/korijeni\/wp-json\/wp\/v2\/posts"}],"about":[{"href":"https:\/\/kaj.hr\/korijeni\/wp-json\/wp\/v2\/types\/post"}],"author":[{"embeddable":true,"href":"https:\/\/kaj.hr\/korijeni\/wp-json\/wp\/v2\/users\/1"}],"replies":[{"embeddable":true,"href":"https:\/\/kaj.hr\/korijeni\/wp-json\/wp\/v2\/comments?post=1040"}],"version-history":[{"count":1,"href":"https:\/\/kaj.hr\/korijeni\/wp-json\/wp\/v2\/posts\/1040\/revisions"}],"predecessor-version":[{"id":1046,"href":"https:\/\/kaj.hr\/korijeni\/wp-json\/wp\/v2\/posts\/1040\/revisions\/1046"}],"wp:featuredmedia":[{"embeddable":true,"href":"https:\/\/kaj.hr\/korijeni\/wp-json\/wp\/v2\/media\/1041"}],"wp:attachment":[{"href":"https:\/\/kaj.hr\/korijeni\/wp-json\/wp\/v2\/media?parent=1040"}],"wp:term":[{"taxonomy":"category","embeddable":true,"href":"https:\/\/kaj.hr\/korijeni\/wp-json\/wp\/v2\/categories?post=1040"},{"taxonomy":"post_tag","embeddable":true,"href":"https:\/\/kaj.hr\/korijeni\/wp-json\/wp\/v2\/tags?post=1040"}],"curies":[{"name":"wp","href":"https:\/\/api.w.org\/{rel}","templated":true}]}}