{"id":1016,"date":"2015-09-11T11:47:03","date_gmt":"2015-09-11T11:47:03","guid":{"rendered":"https:\/\/korijeni.hr\/?p=1016"},"modified":"2019-04-23T11:49:22","modified_gmt":"2019-04-23T11:49:22","slug":"korijeni-i-krila-u-krapini","status":"publish","type":"post","link":"https:\/\/kaj.hr\/korijeni\/korijeni-i-krila-u-krapini\/","title":{"rendered":"Korijeni i krila u Krapini"},"content":{"rendered":"<p>Vi\u0161egodi\u0161nji projekt zagreba\u010dkog Etnografskog muzeja i Radija Kaj \u201eDajmo djeci korijene i krila\u201c nastavljen je danas, 11. rujna 2015. godine u Krapini.Zagorske tradicijske drvene igra\u010dke, koje nastaju marljivim radom i ljubavlju starih zagorskih majstora, ovog su puta povezane s 23. Zagorskim gospodarskim zborom, najve\u0107im sajamskim okupljanjem gospodarstvenika u ovom dijelu Hrvatske, koji se u sklopu Tjedna kajkavske kulture odr\u017eava u Krapini.Veliki paket igra\u010daka doniran je krapinskoj Osnovnoj \u0161koli Ljudevit Gaj, a dana\u0161nja podjela samo je nastavak velike vi\u0161egodi\u0161nje akciju \u201eDajmo djeci korijene i krila\u201c koja je 2013. godine zapo\u010dela upravo u sklopu Zagorskog gospodarskog zbora u Krapini. \u00a0Tradicijske zagorske drvene igra\u010dke, koje je za\u0161titio UNESCO, ravnateljici O\u0160 Ljudevit Gaj Dragici Belo\u0161evi\u0107, uru\u010dili su \u017eupan Krapinsko-zagorske \u017eupanije \u017deljko Kolar i zamjenik gradona\u010delnika Krapine Drago Kozina. Tom prigodom Valerija Osre\u010dak Klju\u010dari\u0107 i Maja Pernjek u ime Narodnih novina, partnera projekta, uru\u010dile su poklon djeci komplet crta\u0107eg pribora.O projektu Dajmo djeci korijene i krila govorila je \u00a0autorica Mirjana Drobina iz Etnografskog muzeja, a Laboratorij zabave odigrao je prigodnu predstavu.<\/p>\n<p><img loading=\"lazy\" decoding=\"async\" class=\"aligncenter size-full wp-image-1019\" src=\"https:\/\/kaj.hr\/korijeni\/wp-content\/uploads\/2015\/09\/IMG_3383.jpg\" alt=\"\" width=\"1000\" height=\"750\" srcset=\"https:\/\/kaj.hr\/korijeni\/wp-content\/uploads\/2015\/09\/IMG_3383.jpg 1000w, https:\/\/kaj.hr\/korijeni\/wp-content\/uploads\/2015\/09\/IMG_3383-300x225.jpg 300w, https:\/\/kaj.hr\/korijeni\/wp-content\/uploads\/2015\/09\/IMG_3383-768x576.jpg 768w\" sizes=\"auto, (max-width: 1000px) 100vw, 1000px\" \/> <img loading=\"lazy\" decoding=\"async\" class=\"aligncenter size-full wp-image-1020\" src=\"https:\/\/kaj.hr\/korijeni\/wp-content\/uploads\/2015\/09\/IMG_3387.jpg\" alt=\"\" width=\"1000\" height=\"750\" srcset=\"https:\/\/kaj.hr\/korijeni\/wp-content\/uploads\/2015\/09\/IMG_3387.jpg 1000w, https:\/\/kaj.hr\/korijeni\/wp-content\/uploads\/2015\/09\/IMG_3387-300x225.jpg 300w, https:\/\/kaj.hr\/korijeni\/wp-content\/uploads\/2015\/09\/IMG_3387-768x576.jpg 768w\" sizes=\"auto, (max-width: 1000px) 100vw, 1000px\" \/> <img loading=\"lazy\" decoding=\"async\" class=\"aligncenter size-full wp-image-1021\" src=\"https:\/\/kaj.hr\/korijeni\/wp-content\/uploads\/2015\/09\/IMG_3391.jpg\" alt=\"\" width=\"1000\" height=\"750\" srcset=\"https:\/\/kaj.hr\/korijeni\/wp-content\/uploads\/2015\/09\/IMG_3391.jpg 1000w, https:\/\/kaj.hr\/korijeni\/wp-content\/uploads\/2015\/09\/IMG_3391-300x225.jpg 300w, https:\/\/kaj.hr\/korijeni\/wp-content\/uploads\/2015\/09\/IMG_3391-768x576.jpg 768w\" sizes=\"auto, (max-width: 1000px) 100vw, 1000px\" \/> <img loading=\"lazy\" decoding=\"async\" class=\"aligncenter size-full wp-image-1022\" src=\"https:\/\/kaj.hr\/korijeni\/wp-content\/uploads\/2015\/09\/IMG_3394.jpg\" alt=\"\" width=\"1000\" height=\"750\" srcset=\"https:\/\/kaj.hr\/korijeni\/wp-content\/uploads\/2015\/09\/IMG_3394.jpg 1000w, https:\/\/kaj.hr\/korijeni\/wp-content\/uploads\/2015\/09\/IMG_3394-300x225.jpg 300w, https:\/\/kaj.hr\/korijeni\/wp-content\/uploads\/2015\/09\/IMG_3394-768x576.jpg 768w\" sizes=\"auto, (max-width: 1000px) 100vw, 1000px\" \/><\/p>\n","protected":false},"excerpt":{"rendered":"<p>Vi\u0161egodi\u0161nji projekt zagreba\u010dkog Etnografskog muzeja i Radija Kaj \u201eDajmo djeci korijene i&#8230;<\/p>\n<div class=\"more-link-wrapper\"><a class=\"more-link\" href=\"https:\/\/kaj.hr\/korijeni\/korijeni-i-krila-u-krapini\/\">Vi\u0161e&#8230;<span class=\"screen-reader-text\">Korijeni i krila u Krapini<\/span><\/a><\/div>\n","protected":false},"author":1,"featured_media":1017,"comment_status":"closed","ping_status":"closed","sticky":false,"template":"","format":"standard","meta":{"footnotes":""},"categories":[2],"tags":[],"class_list":["post-1016","post","type-post","status-publish","format-standard","has-post-thumbnail","hentry","category-podjela","ratio-16-9","entry"],"yoast_head":"<!-- This site is optimized with the Yoast SEO plugin v24.4 - https:\/\/yoast.com\/wordpress\/plugins\/seo\/ -->\n<title>Korijeni i krila u Krapini - Korijeni i krila<\/title>\n<meta name=\"robots\" content=\"index, follow, max-snippet:-1, max-image-preview:large, max-video-preview:-1\" \/>\n<link rel=\"canonical\" href=\"https:\/\/kaj.hr\/korijeni\/korijeni-i-krila-u-krapini\/\" \/>\n<meta property=\"og:locale\" content=\"hr_HR\" \/>\n<meta property=\"og:type\" content=\"article\" \/>\n<meta property=\"og:title\" content=\"Korijeni i krila u Krapini - Korijeni i krila\" \/>\n<meta property=\"og:description\" content=\"Vi\u0161egodi\u0161nji projekt zagreba\u010dkog Etnografskog muzeja i Radija Kaj \u201eDajmo djeci korijene i&#8230;\" \/>\n<meta property=\"og:url\" content=\"https:\/\/kaj.hr\/korijeni\/korijeni-i-krila-u-krapini\/\" \/>\n<meta property=\"og:site_name\" content=\"Korijeni i krila\" \/>\n<meta property=\"article:published_time\" content=\"2015-09-11T11:47:03+00:00\" \/>\n<meta property=\"article:modified_time\" content=\"2019-04-23T11:49:22+00:00\" \/>\n<meta property=\"og:image\" content=\"https:\/\/kaj.hr\/korijeni\/wp-content\/uploads\/2019\/04\/IMG_3381.jpg\" \/>\n\t<meta property=\"og:image:width\" content=\"1000\" \/>\n\t<meta property=\"og:image:height\" content=\"750\" \/>\n\t<meta property=\"og:image:type\" content=\"image\/jpeg\" \/>\n<meta name=\"author\" content=\"pavlekovic\" \/>\n<meta name=\"twitter:card\" content=\"summary_large_image\" \/>\n<meta name=\"twitter:label1\" content=\"Napisao\/la\" \/>\n\t<meta name=\"twitter:data1\" content=\"pavlekovic\" \/>\n\t<meta name=\"twitter:label2\" content=\"Procijenjeno vrijeme \u010ditanja\" \/>\n\t<meta name=\"twitter:data2\" content=\"1 minuta\" \/>\n<script type=\"application\/ld+json\" class=\"yoast-schema-graph\">{\"@context\":\"https:\/\/schema.org\",\"@graph\":[{\"@type\":\"WebPage\",\"@id\":\"https:\/\/kaj.hr\/korijeni\/korijeni-i-krila-u-krapini\/\",\"url\":\"https:\/\/kaj.hr\/korijeni\/korijeni-i-krila-u-krapini\/\",\"name\":\"Korijeni i krila u Krapini - Korijeni i krila\",\"isPartOf\":{\"@id\":\"https:\/\/kaj.hr\/korijeni\/#website\"},\"primaryImageOfPage\":{\"@id\":\"https:\/\/kaj.hr\/korijeni\/korijeni-i-krila-u-krapini\/#primaryimage\"},\"image\":{\"@id\":\"https:\/\/kaj.hr\/korijeni\/korijeni-i-krila-u-krapini\/#primaryimage\"},\"thumbnailUrl\":\"https:\/\/kaj.hr\/korijeni\/wp-content\/uploads\/2019\/04\/IMG_3381.jpg\",\"datePublished\":\"2015-09-11T11:47:03+00:00\",\"dateModified\":\"2019-04-23T11:49:22+00:00\",\"author\":{\"@id\":\"https:\/\/kaj.hr\/korijeni\/#\/schema\/person\/ad224cfd5208650e1f7ab48b355dbdd4\"},\"inLanguage\":\"hr\",\"potentialAction\":[{\"@type\":\"ReadAction\",\"target\":[\"https:\/\/kaj.hr\/korijeni\/korijeni-i-krila-u-krapini\/\"]}]},{\"@type\":\"ImageObject\",\"inLanguage\":\"hr\",\"@id\":\"https:\/\/kaj.hr\/korijeni\/korijeni-i-krila-u-krapini\/#primaryimage\",\"url\":\"https:\/\/kaj.hr\/korijeni\/wp-content\/uploads\/2019\/04\/IMG_3381.jpg\",\"contentUrl\":\"https:\/\/kaj.hr\/korijeni\/wp-content\/uploads\/2019\/04\/IMG_3381.jpg\",\"width\":1000,\"height\":750},{\"@type\":\"WebSite\",\"@id\":\"https:\/\/kaj.hr\/korijeni\/#website\",\"url\":\"https:\/\/kaj.hr\/korijeni\/\",\"name\":\"Korijeni i krila\",\"description\":\"Dajmo djeci korijene i krila  -  hrvatski odgojno-obrazovni projekt Etnografskog muzeja i Radija Kaj\",\"potentialAction\":[{\"@type\":\"SearchAction\",\"target\":{\"@type\":\"EntryPoint\",\"urlTemplate\":\"https:\/\/kaj.hr\/korijeni\/?s={search_term_string}\"},\"query-input\":{\"@type\":\"PropertyValueSpecification\",\"valueRequired\":true,\"valueName\":\"search_term_string\"}}],\"inLanguage\":\"hr\"},{\"@type\":\"Person\",\"@id\":\"https:\/\/kaj.hr\/korijeni\/#\/schema\/person\/ad224cfd5208650e1f7ab48b355dbdd4\",\"name\":\"pavlekovic\",\"url\":\"https:\/\/kaj.hr\/korijeni\/author\/pavlekovic\/\"}]}<\/script>\n<!-- \/ Yoast SEO plugin. -->","yoast_head_json":{"title":"Korijeni i krila u Krapini - Korijeni i krila","robots":{"index":"index","follow":"follow","max-snippet":"max-snippet:-1","max-image-preview":"max-image-preview:large","max-video-preview":"max-video-preview:-1"},"canonical":"https:\/\/kaj.hr\/korijeni\/korijeni-i-krila-u-krapini\/","og_locale":"hr_HR","og_type":"article","og_title":"Korijeni i krila u Krapini - Korijeni i krila","og_description":"Vi\u0161egodi\u0161nji projekt zagreba\u010dkog Etnografskog muzeja i Radija Kaj \u201eDajmo djeci korijene i&#8230;","og_url":"https:\/\/kaj.hr\/korijeni\/korijeni-i-krila-u-krapini\/","og_site_name":"Korijeni i krila","article_published_time":"2015-09-11T11:47:03+00:00","article_modified_time":"2019-04-23T11:49:22+00:00","og_image":[{"width":1000,"height":750,"url":"https:\/\/kaj.hr\/korijeni\/wp-content\/uploads\/2019\/04\/IMG_3381.jpg","type":"image\/jpeg"}],"author":"pavlekovic","twitter_card":"summary_large_image","twitter_misc":{"Napisao\/la":"pavlekovic","Procijenjeno vrijeme \u010ditanja":"1 minuta"},"schema":{"@context":"https:\/\/schema.org","@graph":[{"@type":"WebPage","@id":"https:\/\/kaj.hr\/korijeni\/korijeni-i-krila-u-krapini\/","url":"https:\/\/kaj.hr\/korijeni\/korijeni-i-krila-u-krapini\/","name":"Korijeni i krila u Krapini - Korijeni i krila","isPartOf":{"@id":"https:\/\/kaj.hr\/korijeni\/#website"},"primaryImageOfPage":{"@id":"https:\/\/kaj.hr\/korijeni\/korijeni-i-krila-u-krapini\/#primaryimage"},"image":{"@id":"https:\/\/kaj.hr\/korijeni\/korijeni-i-krila-u-krapini\/#primaryimage"},"thumbnailUrl":"https:\/\/kaj.hr\/korijeni\/wp-content\/uploads\/2019\/04\/IMG_3381.jpg","datePublished":"2015-09-11T11:47:03+00:00","dateModified":"2019-04-23T11:49:22+00:00","author":{"@id":"https:\/\/kaj.hr\/korijeni\/#\/schema\/person\/ad224cfd5208650e1f7ab48b355dbdd4"},"inLanguage":"hr","potentialAction":[{"@type":"ReadAction","target":["https:\/\/kaj.hr\/korijeni\/korijeni-i-krila-u-krapini\/"]}]},{"@type":"ImageObject","inLanguage":"hr","@id":"https:\/\/kaj.hr\/korijeni\/korijeni-i-krila-u-krapini\/#primaryimage","url":"https:\/\/kaj.hr\/korijeni\/wp-content\/uploads\/2019\/04\/IMG_3381.jpg","contentUrl":"https:\/\/kaj.hr\/korijeni\/wp-content\/uploads\/2019\/04\/IMG_3381.jpg","width":1000,"height":750},{"@type":"WebSite","@id":"https:\/\/kaj.hr\/korijeni\/#website","url":"https:\/\/kaj.hr\/korijeni\/","name":"Korijeni i krila","description":"Dajmo djeci korijene i krila  -  hrvatski odgojno-obrazovni projekt Etnografskog muzeja i Radija Kaj","potentialAction":[{"@type":"SearchAction","target":{"@type":"EntryPoint","urlTemplate":"https:\/\/kaj.hr\/korijeni\/?s={search_term_string}"},"query-input":{"@type":"PropertyValueSpecification","valueRequired":true,"valueName":"search_term_string"}}],"inLanguage":"hr"},{"@type":"Person","@id":"https:\/\/kaj.hr\/korijeni\/#\/schema\/person\/ad224cfd5208650e1f7ab48b355dbdd4","name":"pavlekovic","url":"https:\/\/kaj.hr\/korijeni\/author\/pavlekovic\/"}]}},"_links":{"self":[{"href":"https:\/\/kaj.hr\/korijeni\/wp-json\/wp\/v2\/posts\/1016","targetHints":{"allow":["GET"]}}],"collection":[{"href":"https:\/\/kaj.hr\/korijeni\/wp-json\/wp\/v2\/posts"}],"about":[{"href":"https:\/\/kaj.hr\/korijeni\/wp-json\/wp\/v2\/types\/post"}],"author":[{"embeddable":true,"href":"https:\/\/kaj.hr\/korijeni\/wp-json\/wp\/v2\/users\/1"}],"replies":[{"embeddable":true,"href":"https:\/\/kaj.hr\/korijeni\/wp-json\/wp\/v2\/comments?post=1016"}],"version-history":[{"count":2,"href":"https:\/\/kaj.hr\/korijeni\/wp-json\/wp\/v2\/posts\/1016\/revisions"}],"predecessor-version":[{"id":1023,"href":"https:\/\/kaj.hr\/korijeni\/wp-json\/wp\/v2\/posts\/1016\/revisions\/1023"}],"wp:featuredmedia":[{"embeddable":true,"href":"https:\/\/kaj.hr\/korijeni\/wp-json\/wp\/v2\/media\/1017"}],"wp:attachment":[{"href":"https:\/\/kaj.hr\/korijeni\/wp-json\/wp\/v2\/media?parent=1016"}],"wp:term":[{"taxonomy":"category","embeddable":true,"href":"https:\/\/kaj.hr\/korijeni\/wp-json\/wp\/v2\/categories?post=1016"},{"taxonomy":"post_tag","embeddable":true,"href":"https:\/\/kaj.hr\/korijeni\/wp-json\/wp\/v2\/tags?post=1016"}],"curies":[{"name":"wp","href":"https:\/\/api.w.org\/{rel}","templated":true}]}}